{"id":36880,"date":"2025-10-11T21:51:43","date_gmt":"2025-10-11T19:51:43","guid":{"rendered":"https:\/\/vive-fuerteventura.com\/?p=36880"},"modified":"2025-12-09T01:23:46","modified_gmt":"2025-12-09T00:23:46","slug":"eine-insel-voller-kontraste","status":"publish","type":"post","link":"https:\/\/vive-fuerteventura.com\/es\/eine-insel-voller-kontraste\/","title":{"rendered":"Una isla llena de contrastes"},"content":{"rendered":"<div data-elementor-type=\"wp-post\" data-elementor-id=\"36880\" class=\"elementor elementor-36880\" data-elementor-post-type=\"post\">\n\t\t\t\t\t\t<section class=\"elementor-section elementor-top-section elementor-element elementor-element-b7c4998 elementor-section-height-min-height elementor-section-content-top elementor-section-boxed elementor-section-height-default elementor-section-items-middle\" data-id=\"b7c4998\" data-element_type=\"section\" data-e-type=\"section\" data-settings=\"{&quot;jet_parallax_layout_list&quot;:[{&quot;jet_parallax_layout_image&quot;:{&quot;url&quot;:&quot;&quot;,&quot;id&quot;:&quot;&quot;,&quot;size&quot;:&quot;&quot;},&quot;_id&quot;:&quot;c530a76&quot;,&quot;jet_parallax_layout_speed&quot;:{&quot;unit&quot;:&quot;%&quot;,&quot;size&quot;:50,&quot;sizes&quot;:[]},&quot;jet_parallax_layout_image_tablet&quot;:{&quot;url&quot;:&quot;&quot;,&quot;id&quot;:&quot;&quot;,&quot;size&quot;:&quot;&quot;},&quot;jet_parallax_layout_image_mobile&quot;:{&quot;url&quot;:&quot;&quot;,&quot;id&quot;:&quot;&quot;,&quot;size&quot;:&quot;&quot;},&quot;jet_parallax_layout_type&quot;:&quot;scroll&quot;,&quot;jet_parallax_layout_direction&quot;:&quot;1&quot;,&quot;jet_parallax_layout_fx_direction&quot;:null,&quot;jet_parallax_layout_z_index&quot;:&quot;&quot;,&quot;jet_parallax_layout_bg_x&quot;:50,&quot;jet_parallax_layout_bg_x_tablet&quot;:&quot;&quot;,&quot;jet_parallax_layout_bg_x_mobile&quot;:&quot;&quot;,&quot;jet_parallax_layout_bg_y&quot;:50,&quot;jet_parallax_layout_bg_y_tablet&quot;:&quot;&quot;,&quot;jet_parallax_layout_bg_y_mobile&quot;:&quot;&quot;,&quot;jet_parallax_layout_bg_size&quot;:&quot;auto&quot;,&quot;jet_parallax_layout_bg_size_tablet&quot;:&quot;&quot;,&quot;jet_parallax_layout_bg_size_mobile&quot;:&quot;&quot;,&quot;jet_parallax_layout_animation_prop&quot;:&quot;transform&quot;,&quot;jet_parallax_layout_on&quot;:[&quot;desktop&quot;,&quot;tablet&quot;]}],&quot;background_background&quot;:&quot;classic&quot;}\">\n\t\t\t\t\t\t\t<div class=\"elementor-background-overlay\"><\/div>\n\t\t\t\t\t\t\t<div class=\"elementor-container elementor-column-gap-default\">\n\t\t\t\t\t<div class=\"elementor-column elementor-col-100 elementor-top-column elementor-element elementor-element-9c9816d\" data-id=\"9c9816d\" data-element_type=\"column\" data-e-type=\"column\">\n\t\t\t<div class=\"elementor-widget-wrap elementor-element-populated\">\n\t\t\t\t\t\t<div class=\"elementor-element elementor-element-a7c8837 elementor-widget elementor-widget-heading\" data-id=\"a7c8837\" data-element_type=\"widget\" data-e-type=\"widget\" data-settings=\"{&quot;_animation_mobile&quot;:&quot;zoomIn&quot;}\" data-widget_type=\"heading.default\">\n\t\t\t\t<div class=\"elementor-widget-container\">\n\t\t\t\t\t<h2 class=\"elementor-heading-title elementor-size-default\">Una isla llena de contrastes<\/h2>\t\t\t\t<\/div>\n\t\t\t\t<\/div>\n\t\t\t\t\t<\/div>\n\t\t<\/div>\n\t\t\t\t\t<\/div>\n\t\t<\/section>\n\t\t<div class=\"elementor-element elementor-element-30bf090 e-flex e-con-boxed e-con e-parent\" data-id=\"30bf090\" data-element_type=\"container\" data-e-type=\"container\" data-settings=\"{&quot;jet_parallax_layout_list&quot;:[]}\">\n\t\t\t\t\t<div class=\"e-con-inner\">\n\t\t\t\t<div class=\"elementor-element elementor-element-502b28c elementor-widget elementor-widget-heading\" data-id=\"502b28c\" data-element_type=\"widget\" data-e-type=\"widget\" data-settings=\"{&quot;_animation_mobile&quot;:&quot;fadeInUp&quot;}\" data-widget_type=\"heading.default\">\n\t\t\t\t<div class=\"elementor-widget-container\">\n\t\t\t\t\t<h2 class=\"elementor-heading-title elementor-size-default\">Merece la pena saberlo<\/h2>\t\t\t\t<\/div>\n\t\t\t\t<\/div>\n\t\t\t\t\t<\/div>\n\t\t\t\t<\/div>\n\t\t<div class=\"elementor-element elementor-element-485dac5b e-con-full e-flex e-con e-parent\" data-id=\"485dac5b\" data-element_type=\"container\" data-e-type=\"container\" data-settings=\"{&quot;jet_parallax_layout_list&quot;:[],&quot;background_background&quot;:&quot;classic&quot;}\">\n\t\t\t\t<div class=\"elementor-element elementor-element-5246c42a elementor-widget__width-initial elementor-widget-mobile__width-inherit elementor-widget elementor-widget-text-editor\" data-id=\"5246c42a\" data-element_type=\"widget\" data-e-type=\"widget\" data-widget_type=\"text-editor.default\">\n\t\t\t\t<div class=\"elementor-widget-container\">\n\t\t\t\t\t\t\t\t\t<p>Fuerteventura est\u00e1 situada a unos 100 kil\u00f3metros al oeste de la costa marroqu\u00ed y pertenece pol\u00edticamente a Espa\u00f1a. La isla es conocida por sus interminables playas, su paisaje volc\u00e1nico y su clima suave y soleado, que atrae a turistas durante todo el a\u00f1o.<\/p>\t\t\t\t\t\t\t\t<\/div>\n\t\t\t\t<\/div>\n\t\t\t\t<\/div>\n\t\t<div class=\"elementor-element elementor-element-0e44427 e-flex e-con-boxed e-con e-parent\" data-id=\"0e44427\" data-element_type=\"container\" data-e-type=\"container\" data-settings=\"{&quot;jet_parallax_layout_list&quot;:[],&quot;background_background&quot;:&quot;classic&quot;}\">\n\t\t\t\t\t<div class=\"e-con-inner\">\n\t\t\t\t<div class=\"elementor-element elementor-element-4114b2d elementor-icon-list--layout-traditional elementor-list-item-link-full_width elementor-widget elementor-widget-icon-list\" data-id=\"4114b2d\" data-element_type=\"widget\" data-e-type=\"widget\" data-widget_type=\"icon-list.default\">\n\t\t\t\t<div class=\"elementor-widget-container\">\n\t\t\t\t\t\t\t<ul class=\"elementor-icon-list-items\">\n\t\t\t\t\t\t\t<li class=\"elementor-icon-list-item\">\n\t\t\t\t\t\t\t\t\t\t\t<span class=\"elementor-icon-list-icon\">\n\t\t\t\t\t\t\t<svg aria-hidden=\"true\" class=\"e-font-icon-svg e-fas-info-circle\" viewbox=\"0 0 512 512\" xmlns=\"http:\/\/www.w3.org\/2000\/svg\"><path d=\"M256 8C119.043 8 8 119.083 8 256c0 136.997 111.043 248 248 248s248-111.003 248-248C504 119.083 392.957 8 256 8zm0 110c23.196 0 42 18.804 42 42s-18.804 42-42 42-42-18.804-42-42 18.804-42 42-42zm56 254c0 6.627-5.373 12-12 12h-88c-6.627 0-12-5.373-12-12v-24c0-6.627 5.373-12 12-12h12v-64h-12c-6.627 0-12-5.373-12-12v-24c0-6.627 5.373-12 12-12h64c6.627 0 12 5.373 12 12v100h12c6.627 0 12 5.373 12 12v24z\"><\/path><\/svg>\t\t\t\t\t\t<\/span>\n\t\t\t\t\t\t\t\t\t\t<span class=\"elementor-icon-list-text\">Tama\u00f1o y ubicaci\u00f3n<\/span>\n\t\t\t\t\t\t\t\t\t<\/li>\n\t\t\t\t\t\t<\/ul>\n\t\t\t\t\t\t<\/div>\n\t\t\t\t<\/div>\n\t\t\t\t\t<\/div>\n\t\t\t\t<\/div>\n\t\t<div class=\"elementor-element elementor-element-b7ca8a3 e-flex e-con-boxed e-con e-parent\" data-id=\"b7ca8a3\" data-element_type=\"container\" data-e-type=\"container\" data-settings=\"{&quot;jet_parallax_layout_list&quot;:[]}\">\n\t\t\t\t\t<div class=\"e-con-inner\">\n\t\t<div class=\"elementor-element elementor-element-55932b8 e-con-full e-flex e-con e-child\" data-id=\"55932b8\" data-element_type=\"container\" data-e-type=\"container\" data-settings=\"{&quot;jet_parallax_layout_list&quot;:[]}\">\n\t\t\t\t<div class=\"elementor-element elementor-element-10159e5 elementor-widget elementor-widget-text-editor\" data-id=\"10159e5\" data-element_type=\"widget\" data-e-type=\"widget\" data-widget_type=\"text-editor.default\">\n\t\t\t\t<div class=\"elementor-widget-container\">\n\t\t\t\t\t\t\t\t\tCon una superficie de unos 1.660 km\u00b2, Fuerteventura es la segunda isla m\u00e1s grande de Canarias y tambi\u00e9n la menos poblada. Se extiende de norte a sur a lo largo de unos 100 kil\u00f3metros y cuenta con unos 340 kil\u00f3metros de costa, un para\u00edso para los amantes de la playa.\t\t\t\t\t\t\t\t<\/div>\n\t\t\t\t<\/div>\n\t\t\t\t<\/div>\n\t\t\t\t\t<\/div>\n\t\t\t\t<\/div>\n\t\t<div class=\"elementor-element elementor-element-7386b3a e-flex e-con-boxed e-con e-parent\" data-id=\"7386b3a\" data-element_type=\"container\" data-e-type=\"container\" data-settings=\"{&quot;jet_parallax_layout_list&quot;:[],&quot;background_background&quot;:&quot;classic&quot;}\">\n\t\t\t\t\t<div class=\"e-con-inner\">\n\t\t\t\t<div class=\"elementor-element elementor-element-189e09a elementor-icon-list--layout-traditional elementor-list-item-link-full_width elementor-widget elementor-widget-icon-list\" data-id=\"189e09a\" data-element_type=\"widget\" data-e-type=\"widget\" data-widget_type=\"icon-list.default\">\n\t\t\t\t<div class=\"elementor-widget-container\">\n\t\t\t\t\t\t\t<ul class=\"elementor-icon-list-items\">\n\t\t\t\t\t\t\t<li class=\"elementor-icon-list-item\">\n\t\t\t\t\t\t\t\t\t\t\t<span class=\"elementor-icon-list-icon\">\n\t\t\t\t\t\t\t<svg aria-hidden=\"true\" class=\"e-font-icon-svg e-fas-car\" viewbox=\"0 0 512 512\" xmlns=\"http:\/\/www.w3.org\/2000\/svg\"><path d=\"M499.99 176h-59.87l-16.64-41.6C406.38 91.63 365.57 64 319.5 64h-127c-46.06 0-86.88 27.63-103.99 70.4L71.87 176H12.01C4.2 176-1.53 183.34.37 190.91l6 24C7.7 220.25 12.5 224 18.01 224h20.07C24.65 235.73 16 252.78 16 272v48c0 16.12 6.16 30.67 16 41.93V416c0 17.67 14.33 32 32 32h32c17.67 0 32-14.33 32-32v-32h256v32c0 17.67 14.33 32 32 32h32c17.67 0 32-14.33 32-32v-54.07c9.84-11.25 16-25.8 16-41.93v-48c0-19.22-8.65-36.27-22.07-48H494c5.51 0 10.31-3.75 11.64-9.09l6-24c1.89-7.57-3.84-14.91-11.65-14.91zm-352.06-17.83c7.29-18.22 24.94-30.17 44.57-30.17h127c19.63 0 37.28 11.95 44.57 30.17L384 208H128l19.93-49.83zM96 319.8c-19.2 0-32-12.76-32-31.9S76.8 256 96 256s48 28.71 48 47.85-28.8 15.95-48 15.95zm320 0c-19.2 0-48 3.19-48-15.95S396.8 256 416 256s32 12.76 32 31.9-12.8 31.9-32 31.9z\"><\/path><\/svg>\t\t\t\t\t\t<\/span>\n\t\t\t\t\t\t\t\t\t\t<span class=\"elementor-icon-list-text\">Explorar en coche: \u00bfCu\u00e1nto se tarda?<\/span>\n\t\t\t\t\t\t\t\t\t<\/li>\n\t\t\t\t\t\t<\/ul>\n\t\t\t\t\t\t<\/div>\n\t\t\t\t<\/div>\n\t\t\t\t\t<\/div>\n\t\t\t\t<\/div>\n\t\t<div class=\"elementor-element elementor-element-80a4b5f e-flex e-con-boxed e-con e-parent\" data-id=\"80a4b5f\" data-element_type=\"container\" data-e-type=\"container\" data-settings=\"{&quot;jet_parallax_layout_list&quot;:[]}\">\n\t\t\t\t\t<div class=\"e-con-inner\">\n\t\t<div class=\"elementor-element elementor-element-40d5ba0 e-con-full e-flex e-con e-child\" data-id=\"40d5ba0\" data-element_type=\"container\" data-e-type=\"container\" data-settings=\"{&quot;jet_parallax_layout_list&quot;:[]}\">\n\t\t\t\t<div class=\"elementor-element elementor-element-e1fea9f elementor-widget elementor-widget-text-editor\" data-id=\"e1fea9f\" data-element_type=\"widget\" data-e-type=\"widget\" data-widget_type=\"text-editor.default\">\n\t\t\t\t<div class=\"elementor-widget-container\">\n\t\t\t\t\t\t\t\t\tFuerteventura es f\u00e1cil de explorar en coche. La carretera principal FV-2, que se extiende desde la capital, Puerto del Rosario, hasta Morro Jable, en el sur, permite dar la vuelta a toda la isla. Sin muchas paradas intermedias, se tarda entre 3 y 4 horas en dar la vuelta a la isla, dependiendo de las rutas que se elijan y de los desv\u00edos que se hagan para llegar a playas o pueblos remotos.\t\t\t\t\t\t\t\t<\/div>\n\t\t\t\t<\/div>\n\t\t\t\t<\/div>\n\t\t\t\t\t<\/div>\n\t\t\t\t<\/div>\n\t\t<div class=\"elementor-element elementor-element-fd0a863 e-flex e-con-boxed e-con e-parent\" data-id=\"fd0a863\" data-element_type=\"container\" data-e-type=\"container\" data-settings=\"{&quot;jet_parallax_layout_list&quot;:[],&quot;background_background&quot;:&quot;classic&quot;}\">\n\t\t\t\t\t<div class=\"e-con-inner\">\n\t\t\t\t<div class=\"elementor-element elementor-element-261a40f elementor-icon-list--layout-traditional elementor-list-item-link-full_width elementor-widget elementor-widget-icon-list\" data-id=\"261a40f\" data-element_type=\"widget\" data-e-type=\"widget\" data-widget_type=\"icon-list.default\">\n\t\t\t\t<div class=\"elementor-widget-container\">\n\t\t\t\t\t\t\t<ul class=\"elementor-icon-list-items\">\n\t\t\t\t\t\t\t<li class=\"elementor-icon-list-item\">\n\t\t\t\t\t\t\t\t\t\t\t<span class=\"elementor-icon-list-icon\">\n\t\t\t\t\t\t\t<svg aria-hidden=\"true\" class=\"e-font-icon-svg e-fas-compass\" viewbox=\"0 0 496 512\" xmlns=\"http:\/\/www.w3.org\/2000\/svg\"><path d=\"M225.38 233.37c-12.5 12.5-12.5 32.76 0 45.25 12.49 12.5 32.76 12.5 45.25 0 12.5-12.5 12.5-32.76 0-45.25-12.5-12.49-32.76-12.49-45.25 0zM248 8C111.03 8 0 119.03 0 256s111.03 248 248 248 248-111.03 248-248S384.97 8 248 8zm126.14 148.05L308.17 300.4a31.938 31.938 0 0 1-15.77 15.77l-144.34 65.97c-16.65 7.61-33.81-9.55-26.2-26.2l65.98-144.35a31.938 31.938 0 0 1 15.77-15.77l144.34-65.97c16.65-7.6 33.8 9.55 26.19 26.2z\"><\/path><\/svg>\t\t\t\t\t\t<\/span>\n\t\t\t\t\t\t\t\t\t\t<span class=\"elementor-icon-list-text\">La diferencia entre el norte y el sur<\/span>\n\t\t\t\t\t\t\t\t\t<\/li>\n\t\t\t\t\t\t<\/ul>\n\t\t\t\t\t\t<\/div>\n\t\t\t\t<\/div>\n\t\t\t\t\t<\/div>\n\t\t\t\t<\/div>\n\t\t<div class=\"elementor-element elementor-element-aa18921 e-flex e-con-boxed e-con e-parent\" data-id=\"aa18921\" data-element_type=\"container\" data-e-type=\"container\" data-settings=\"{&quot;jet_parallax_layout_list&quot;:[]}\">\n\t\t\t\t\t<div class=\"e-con-inner\">\n\t\t<div class=\"elementor-element elementor-element-e21961c e-con-full e-flex e-con e-child\" data-id=\"e21961c\" data-element_type=\"container\" data-e-type=\"container\" data-settings=\"{&quot;jet_parallax_layout_list&quot;:[]}\">\n\t\t\t\t<div class=\"elementor-element elementor-element-3fa22ed elementor-widget elementor-widget-text-editor\" data-id=\"3fa22ed\" data-element_type=\"widget\" data-e-type=\"widget\" data-widget_type=\"text-editor.default\">\n\t\t\t\t<div class=\"elementor-widget-container\">\n\t\t\t\t\t\t\t\t\t<p>El norte de Fuerteventura, alrededor de la ciudad de Corralejo, es famoso por las espectaculares dunas del Parque Natural de las Dunas de Corralejo y las playas, que ofrecen condiciones perfectas para los surfistas. El norte tambi\u00e9n alberga la isla de Lobos, una peque\u00f1a isla virgen, y los paisajes volc\u00e1nicos que dan a Fuerteventura su encanto agreste.<\/p><p>En comparaci\u00f3n con el sur, el norte es m\u00e1s espacioso y est\u00e1 menos densamente poblado, caracterizado por pueblos m\u00e1s peque\u00f1os y dispersos que hacen palpable el car\u00e1cter original de la isla.<\/p>\t\t\t\t\t\t\t\t<\/div>\n\t\t\t\t<\/div>\n\t\t\t\t<div class=\"elementor-element elementor-element-0bd9388 elementor-widget elementor-widget-text-editor\" data-id=\"0bd9388\" data-element_type=\"widget\" data-e-type=\"widget\" data-widget_type=\"text-editor.default\">\n\t\t\t\t<div class=\"elementor-widget-container\">\n\t\t\t\t\t\t\t\t\t<p>El sur de la isla, en cambio, especialmente la pen\u00ednsula de Jand\u00eda, ofrece algunas de las playas m\u00e1s bellas y extensas de Canarias, entre ellas la popular Playa de Sotavento. Esta regi\u00f3n es conocida por la pr\u00e1ctica de deportes acu\u00e1ticos como el kitesurf y el windsurf. El sur es m\u00e1s tranquilo y menos poblado, ideal para relajarse y hacer excursiones por la naturaleza.<\/p><p>A pesar de sus vastos paisajes y experiencias naturales, el sur se caracteriza en gran medida por el turismo, especialmente a lo largo de la costa, donde hay numerosos hoteles y opciones de alojamiento.<\/p>\t\t\t\t\t\t\t\t<\/div>\n\t\t\t\t<\/div>\n\t\t\t\t<\/div>\n\t\t\t\t\t<\/div>\n\t\t\t\t<\/div>\n\t\t<div class=\"elementor-element elementor-element-4146537 e-flex e-con-boxed e-con e-parent\" data-id=\"4146537\" data-element_type=\"container\" data-e-type=\"container\" data-settings=\"{&quot;jet_parallax_layout_list&quot;:[],&quot;background_background&quot;:&quot;classic&quot;}\">\n\t\t\t\t\t<div class=\"e-con-inner\">\n\t\t\t\t<div class=\"elementor-element elementor-element-aa4fe8a elementor-icon-list--layout-traditional elementor-list-item-link-full_width elementor-widget elementor-widget-icon-list\" data-id=\"aa4fe8a\" data-element_type=\"widget\" data-e-type=\"widget\" data-widget_type=\"icon-list.default\">\n\t\t\t\t<div class=\"elementor-widget-container\">\n\t\t\t\t\t\t\t<ul class=\"elementor-icon-list-items\">\n\t\t\t\t\t\t\t<li class=\"elementor-icon-list-item\">\n\t\t\t\t\t\t\t\t\t\t\t<span class=\"elementor-icon-list-icon\">\n\t\t\t\t\t\t\t<svg aria-hidden=\"true\" class=\"e-font-icon-svg e-fas-sun\" viewbox=\"0 0 512 512\" xmlns=\"http:\/\/www.w3.org\/2000\/svg\"><path d=\"M256 160c-52.9 0-96 43.1-96 96s43.1 96 96 96 96-43.1 96-96-43.1-96-96-96zm246.4 80.5l-94.7-47.3 33.5-100.4c4.5-13.6-8.4-26.5-21.9-21.9l-100.4 33.5-47.4-94.8c-6.4-12.8-24.6-12.8-31 0l-47.3 94.7L92.7 70.8c-13.6-4.5-26.5 8.4-21.9 21.9l33.5 100.4-94.7 47.4c-12.8 6.4-12.8 24.6 0 31l94.7 47.3-33.5 100.5c-4.5 13.6 8.4 26.5 21.9 21.9l100.4-33.5 47.3 94.7c6.4 12.8 24.6 12.8 31 0l47.3-94.7 100.4 33.5c13.6 4.5 26.5-8.4 21.9-21.9l-33.5-100.4 94.7-47.3c13-6.5 13-24.7.2-31.1zm-155.9 106c-49.9 49.9-131.1 49.9-181 0-49.9-49.9-49.9-131.1 0-181 49.9-49.9 131.1-49.9 181 0 49.9 49.9 49.9 131.1 0 181z\"><\/path><\/svg>\t\t\t\t\t\t<\/span>\n\t\t\t\t\t\t\t\t\t\t<span class=\"elementor-icon-list-text\">Tiempo: Sol todo el a\u00f1o<\/span>\n\t\t\t\t\t\t\t\t\t<\/li>\n\t\t\t\t\t\t<\/ul>\n\t\t\t\t\t\t<\/div>\n\t\t\t\t<\/div>\n\t\t\t\t\t<\/div>\n\t\t\t\t<\/div>\n\t\t<div class=\"elementor-element elementor-element-72e7fa0 e-flex e-con-boxed e-con e-parent\" data-id=\"72e7fa0\" data-element_type=\"container\" data-e-type=\"container\" data-settings=\"{&quot;jet_parallax_layout_list&quot;:[]}\">\n\t\t\t\t\t<div class=\"e-con-inner\">\n\t\t<div class=\"elementor-element elementor-element-4d19898 e-con-full e-flex e-con e-child\" data-id=\"4d19898\" data-element_type=\"container\" data-e-type=\"container\" data-settings=\"{&quot;jet_parallax_layout_list&quot;:[]}\">\n\t\t\t\t<div class=\"elementor-element elementor-element-d93acec elementor-widget elementor-widget-text-editor\" data-id=\"d93acec\" data-element_type=\"widget\" data-e-type=\"widget\" data-widget_type=\"text-editor.default\">\n\t\t\t\t<div class=\"elementor-widget-container\">\n\t\t\t\t\t\t\t\t\t<p>El tiempo en Fuerteventura es suave y agradable durante todo el a\u00f1o. Las temperaturas rondan los 18-22 \u00b0C en invierno y rara vez superan los 30 \u00b0C en verano. Gracias a los vientos alisios, el clima sigue siendo agradable y nunca demasiado caluroso. El verano es seco y soleado, mientras que el invierno es algo m\u00e1s h\u00famedo pero sigue siendo ideal para las actividades al aire libre.<\/p><p>En los meses de invierno, el viento suele amainar un poco, sobre todo en comparaci\u00f3n con los fuertes alisios del verano, lo que hace que las condiciones sean m\u00e1s tranquilas, especialmente en las costas este y sur.<\/p>\t\t\t\t\t\t\t\t<\/div>\n\t\t\t\t<\/div>\n\t\t\t\t<\/div>\n\t\t\t\t\t<\/div>\n\t\t\t\t<\/div>\n\t\t<div class=\"elementor-element elementor-element-a81d669 e-flex e-con-boxed e-con e-parent\" data-id=\"a81d669\" data-element_type=\"container\" data-e-type=\"container\" data-settings=\"{&quot;jet_parallax_layout_list&quot;:[],&quot;background_background&quot;:&quot;classic&quot;}\">\n\t\t\t\t\t<div class=\"e-con-inner\">\n\t\t\t\t<div class=\"elementor-element elementor-element-cb301f0 elementor-icon-list--layout-traditional elementor-list-item-link-full_width elementor-widget elementor-widget-icon-list\" data-id=\"cb301f0\" data-element_type=\"widget\" data-e-type=\"widget\" data-widget_type=\"icon-list.default\">\n\t\t\t\t<div class=\"elementor-widget-container\">\n\t\t\t\t\t\t\t<ul class=\"elementor-icon-list-items\">\n\t\t\t\t\t\t\t<li class=\"elementor-icon-list-item\">\n\t\t\t\t\t\t\t\t\t\t\t<span class=\"elementor-icon-list-icon\">\n\t\t\t\t\t\t\t<svg aria-hidden=\"true\" class=\"e-font-icon-svg e-fas-star\" viewbox=\"0 0 576 512\" xmlns=\"http:\/\/www.w3.org\/2000\/svg\"><path d=\"M259.3 17.8L194 150.2 47.9 171.5c-26.2 3.8-36.7 36.1-17.7 54.6l105.7 103-25 145.5c-4.5 26.3 23.2 46 46.4 33.7L288 439.6l130.7 68.7c23.2 12.2 50.9-7.4 46.4-33.7l-25-145.5 105.7-103c19-18.5 8.5-50.8-17.7-54.6L382 150.2 316.7 17.8c-11.7-23.6-45.6-23.9-57.4 0z\"><\/path><\/svg>\t\t\t\t\t\t<\/span>\n\t\t\t\t\t\t\t\t\t\t<span class=\"elementor-icon-list-text\">Otros lugares destacados de la isla<\/span>\n\t\t\t\t\t\t\t\t\t<\/li>\n\t\t\t\t\t\t<\/ul>\n\t\t\t\t\t\t<\/div>\n\t\t\t\t<\/div>\n\t\t\t\t\t<\/div>\n\t\t\t\t<\/div>\n\t\t<div class=\"elementor-element elementor-element-f661080 e-flex e-con-boxed e-con e-parent\" data-id=\"f661080\" data-element_type=\"container\" data-e-type=\"container\" data-settings=\"{&quot;jet_parallax_layout_list&quot;:[]}\">\n\t\t\t\t\t<div class=\"e-con-inner\">\n\t\t\t\t<div class=\"elementor-element elementor-element-5f7dcdf elementor-widget elementor-widget-heading\" data-id=\"5f7dcdf\" data-element_type=\"widget\" data-e-type=\"widget\" data-widget_type=\"heading.default\">\n\t\t\t\t<div class=\"elementor-widget-container\">\n\t\t\t\t\t<h2 class=\"elementor-heading-title elementor-size-default\">Playas<\/h2>\t\t\t\t<\/div>\n\t\t\t\t<\/div>\n\t\t\t\t\t<\/div>\n\t\t\t\t<\/div>\n\t\t<div class=\"elementor-element elementor-element-0893e21 e-flex e-con-boxed e-con e-parent\" data-id=\"0893e21\" data-element_type=\"container\" data-e-type=\"container\" data-settings=\"{&quot;jet_parallax_layout_list&quot;:[]}\">\n\t\t\t\t\t<div class=\"e-con-inner\">\n\t\t<div class=\"elementor-element elementor-element-8d96d08 e-con-full e-flex e-con e-child\" data-id=\"8d96d08\" data-element_type=\"container\" data-e-type=\"container\" data-settings=\"{&quot;jet_parallax_layout_list&quot;:[]}\">\n\t\t\t\t<div class=\"elementor-element elementor-element-8f40eb2 elementor-widget elementor-widget-text-editor\" data-id=\"8f40eb2\" data-element_type=\"widget\" data-e-type=\"widget\" data-widget_type=\"text-editor.default\">\n\t\t\t\t<div class=\"elementor-widget-container\">\n\t\t\t\t\t\t\t\t\t<p>Fuerteventura es conocida por sus m\u00e1s de 150 playas, que se extienden a lo largo de unos 70 kil\u00f3metros de costa. La isla ofrece una impresionante variedad: desde solitarias playas naturales hasta lagunas escondidas y espectaculares acantilados. Desde kil\u00f3metros de amplios espacios abiertos hasta bah\u00edas resguardadas, los paisajes costeros de Fuerteventura son tan variados como la propia isla.<\/p>\t\t\t\t\t\t\t\t<\/div>\n\t\t\t\t<\/div>\n\t\t\t\t<\/div>\n\t\t\t\t\t<\/div>\n\t\t\t\t<\/div>\n\t\t<div class=\"elementor-element elementor-element-bdaafc2 e-flex e-con-boxed e-con e-parent\" data-id=\"bdaafc2\" data-element_type=\"container\" data-e-type=\"container\" data-settings=\"{&quot;jet_parallax_layout_list&quot;:[]}\">\n\t\t\t\t\t<div class=\"e-con-inner\">\n\t\t\t\t<div class=\"elementor-element elementor-element-cefe243 elementor-widget elementor-widget-heading\" data-id=\"cefe243\" data-element_type=\"widget\" data-e-type=\"widget\" data-widget_type=\"heading.default\">\n\t\t\t\t<div class=\"elementor-widget-container\">\n\t\t\t\t\t<h2 class=\"elementor-heading-title elementor-size-default\">Paisaje volc\u00e1nico<\/h2>\t\t\t\t<\/div>\n\t\t\t\t<\/div>\n\t\t\t\t\t<\/div>\n\t\t\t\t<\/div>\n\t\t<div class=\"elementor-element elementor-element-6a2f35f e-flex e-con-boxed e-con e-parent\" data-id=\"6a2f35f\" data-element_type=\"container\" data-e-type=\"container\" data-settings=\"{&quot;jet_parallax_layout_list&quot;:[]}\">\n\t\t\t\t\t<div class=\"e-con-inner\">\n\t\t<div class=\"elementor-element elementor-element-9eb8e1b e-con-full e-flex e-con e-child\" data-id=\"9eb8e1b\" data-element_type=\"container\" data-e-type=\"container\" data-settings=\"{&quot;jet_parallax_layout_list&quot;:[]}\">\n\t\t\t\t<div class=\"elementor-element elementor-element-36e71b2 elementor-widget elementor-widget-text-editor\" data-id=\"36e71b2\" data-element_type=\"widget\" data-e-type=\"widget\" data-widget_type=\"text-editor.default\">\n\t\t\t\t<div class=\"elementor-widget-container\">\n\t\t\t\t\t\t\t\t\t<p>El pasado volc\u00e1nico de la isla ha dejado tras de s\u00ed paisajes impresionantes. Las excursiones a volcanes como el Calder\u00f3n Hondo o por la zona del Malpa\u00eds de la Arena ofrecen vistas espectaculares. Un punto de inter\u00e9s geol\u00f3gico se encuentra cerca de Ajuy, en la costa oeste, donde se hallan los estratos rocosos expuestos m\u00e1s antiguos de Canarias, restos de mucho antes de que se formara Fuerteventura.<\/p>\t\t\t\t\t\t\t\t<\/div>\n\t\t\t\t<\/div>\n\t\t\t\t<\/div>\n\t\t\t\t\t<\/div>\n\t\t\t\t<\/div>\n\t\t<div class=\"elementor-element elementor-element-8fec2fa e-flex e-con-boxed e-con e-parent\" data-id=\"8fec2fa\" data-element_type=\"container\" data-e-type=\"container\" data-settings=\"{&quot;jet_parallax_layout_list&quot;:[]}\">\n\t\t\t\t\t<div class=\"e-con-inner\">\n\t\t\t\t<div class=\"elementor-element elementor-element-1474ac9 elementor-widget elementor-widget-heading\" data-id=\"1474ac9\" data-element_type=\"widget\" data-e-type=\"widget\" data-widget_type=\"heading.default\">\n\t\t\t\t<div class=\"elementor-widget-container\">\n\t\t\t\t\t<h2 class=\"elementor-heading-title elementor-size-default\">Pueblos y ciudades<\/h2>\t\t\t\t<\/div>\n\t\t\t\t<\/div>\n\t\t\t\t\t<\/div>\n\t\t\t\t<\/div>\n\t\t<div class=\"elementor-element elementor-element-0579070 e-flex e-con-boxed e-con e-parent\" data-id=\"0579070\" data-element_type=\"container\" data-e-type=\"container\" data-settings=\"{&quot;jet_parallax_layout_list&quot;:[]}\">\n\t\t\t\t\t<div class=\"e-con-inner\">\n\t\t<div class=\"elementor-element elementor-element-92c4e36 e-con-full e-flex e-con e-child\" data-id=\"92c4e36\" data-element_type=\"container\" data-e-type=\"container\" data-settings=\"{&quot;jet_parallax_layout_list&quot;:[]}\">\n\t\t\t\t<div class=\"elementor-element elementor-element-0df8983 elementor-widget elementor-widget-text-editor\" data-id=\"0df8983\" data-element_type=\"widget\" data-e-type=\"widget\" data-widget_type=\"text-editor.default\">\n\t\t\t\t<div class=\"elementor-widget-container\">\n\t\t\t\t\t\t\t\t\t<p>Puerto del Rosario, la capital de la isla, es un importante centro de la vida isle\u00f1a. Corralejo, en el norte, y Morro Jable, en el sur, son puntos de partida ideales para excursiones y recorridos de exploraci\u00f3n. Lugares como Betancuria y Guisguey tambi\u00e9n ofrecen una visi\u00f3n aut\u00e9ntica de la vida tradicional de Fuerteventura.<\/p>\t\t\t\t\t\t\t\t<\/div>\n\t\t\t\t<\/div>\n\t\t\t\t<\/div>\n\t\t\t\t\t<\/div>\n\t\t\t\t<\/div>\n\t\t<div class=\"elementor-element elementor-element-ccecc84 e-flex e-con-boxed e-con e-parent\" data-id=\"ccecc84\" data-element_type=\"container\" data-e-type=\"container\" data-settings=\"{&quot;jet_parallax_layout_list&quot;:[]}\">\n\t\t\t\t\t<div class=\"e-con-inner\">\n\t\t\t\t<div class=\"elementor-element elementor-element-a552bd3 elementor-widget elementor-widget-heading\" data-id=\"a552bd3\" data-element_type=\"widget\" data-e-type=\"widget\" data-widget_type=\"heading.default\">\n\t\t\t\t<div class=\"elementor-widget-container\">\n\t\t\t\t\t<h2 class=\"elementor-heading-title elementor-size-default\">Deportes acu\u00e1ticos<\/h2>\t\t\t\t<\/div>\n\t\t\t\t<\/div>\n\t\t\t\t\t<\/div>\n\t\t\t\t<\/div>\n\t\t<div class=\"elementor-element elementor-element-f0072c6 e-flex e-con-boxed e-con e-parent\" data-id=\"f0072c6\" data-element_type=\"container\" data-e-type=\"container\" data-settings=\"{&quot;jet_parallax_layout_list&quot;:[]}\">\n\t\t\t\t\t<div class=\"e-con-inner\">\n\t\t<div class=\"elementor-element elementor-element-897c50a e-con-full e-flex e-con e-child\" data-id=\"897c50a\" data-element_type=\"container\" data-e-type=\"container\" data-settings=\"{&quot;jet_parallax_layout_list&quot;:[]}\">\n\t\t\t\t<div class=\"elementor-element elementor-element-5408cf4 elementor-widget elementor-widget-text-editor\" data-id=\"5408cf4\" data-element_type=\"widget\" data-e-type=\"widget\" data-widget_type=\"text-editor.default\">\n\t\t\t\t<div class=\"elementor-widget-container\">\n\t\t\t\t\t\t\t\t\t<p>Fuerteventura es un para\u00edso para los entusiastas de los deportes acu\u00e1ticos, sobre todo surfistas, windsurfistas, kitesurfistas y submarinistas. Mientras que en los meses de invierno son sobre todo los surfistas quienes sacan partido a su dinero, los vientos alisios m\u00e1s fuertes del verano ofrecen condiciones ideales para windsurfistas y kitesurfistas.<\/p>\t\t\t\t\t\t\t\t<\/div>\n\t\t\t\t<\/div>\n\t\t\t\t<\/div>\n\t\t\t\t\t<\/div>\n\t\t\t\t<\/div>\n\t\t\t\t<section class=\"elementor-section elementor-top-section elementor-element elementor-element-d3e2d52 elementor-section-boxed elementor-section-height-default elementor-section-height-default\" data-id=\"d3e2d52\" data-element_type=\"section\" data-e-type=\"section\" data-settings=\"{&quot;jet_parallax_layout_list&quot;:[{&quot;jet_parallax_layout_image&quot;:{&quot;url&quot;:&quot;&quot;,&quot;id&quot;:&quot;&quot;,&quot;size&quot;:&quot;&quot;},&quot;_id&quot;:&quot;431fff4&quot;,&quot;jet_parallax_layout_speed&quot;:{&quot;unit&quot;:&quot;%&quot;,&quot;size&quot;:50,&quot;sizes&quot;:[]},&quot;jet_parallax_layout_image_tablet&quot;:{&quot;url&quot;:&quot;&quot;,&quot;id&quot;:&quot;&quot;,&quot;size&quot;:&quot;&quot;},&quot;jet_parallax_layout_image_mobile&quot;:{&quot;url&quot;:&quot;&quot;,&quot;id&quot;:&quot;&quot;,&quot;size&quot;:&quot;&quot;},&quot;jet_parallax_layout_type&quot;:&quot;scroll&quot;,&quot;jet_parallax_layout_direction&quot;:&quot;1&quot;,&quot;jet_parallax_layout_fx_direction&quot;:null,&quot;jet_parallax_layout_z_index&quot;:&quot;&quot;,&quot;jet_parallax_layout_bg_x&quot;:50,&quot;jet_parallax_layout_bg_x_tablet&quot;:&quot;&quot;,&quot;jet_parallax_layout_bg_x_mobile&quot;:&quot;&quot;,&quot;jet_parallax_layout_bg_y&quot;:50,&quot;jet_parallax_layout_bg_y_tablet&quot;:&quot;&quot;,&quot;jet_parallax_layout_bg_y_mobile&quot;:&quot;&quot;,&quot;jet_parallax_layout_bg_size&quot;:&quot;auto&quot;,&quot;jet_parallax_layout_bg_size_tablet&quot;:&quot;&quot;,&quot;jet_parallax_layout_bg_size_mobile&quot;:&quot;&quot;,&quot;jet_parallax_layout_animation_prop&quot;:&quot;transform&quot;,&quot;jet_parallax_layout_on&quot;:[&quot;desktop&quot;,&quot;tablet&quot;]}],&quot;background_background&quot;:&quot;classic&quot;,&quot;shape_divider_top&quot;:&quot;mountains&quot;}\">\n\t\t\t\t\t<div class=\"elementor-shape elementor-shape-top\" aria-hidden=\"true\" data-negative=\"false\">\n\t\t\t<svg xmlns=\"http:\/\/www.w3.org\/2000\/svg\" viewbox=\"0 0 1000 100\" preserveaspectratio=\"none\">\n\t<path class=\"elementor-shape-fill\" opacity=\"0.33\" d=\"M473,67.3c-203.9,88.3-263.1-34-320.3,0C66,119.1,0,59.7,0,59.7V0h1000v59.7 c0,0-62.1,26.1-94.9,29.3c-32.8,3.3-62.8-12.3-75.8-22.1C806,49.6,745.3,8.7,694.9,4.7S492.4,59,473,67.3z\"\/>\n\t<path class=\"elementor-shape-fill\" opacity=\"0.66\" d=\"M734,67.3c-45.5,0-77.2-23.2-129.1-39.1c-28.6-8.7-150.3-10.1-254,39.1 s-91.7-34.4-149.2,0C115.7,118.3,0,39.8,0,39.8V0h1000v36.5c0,0-28.2-18.5-92.1-18.5C810.2,18.1,775.7,67.3,734,67.3z\"\/>\n\t<path class=\"elementor-shape-fill\" d=\"M766.1,28.9c-200-57.5-266,65.5-395.1,19.5C242,1.8,242,5.4,184.8,20.6C128,35.8,132.3,44.9,89.9,52.5C28.6,63.7,0,0,0,0 h1000c0,0-9.9,40.9-83.6,48.1S829.6,47,766.1,28.9z\"\/>\n<\/svg>\t\t<\/div>\n\t\t\t\t\t<div class=\"elementor-container elementor-column-gap-no\">\n\t\t\t\t\t<div class=\"elementor-column elementor-col-100 elementor-top-column elementor-element elementor-element-0606154\" data-id=\"0606154\" data-element_type=\"column\" data-e-type=\"column\">\n\t\t\t<div class=\"elementor-widget-wrap elementor-element-populated\">\n\t\t\t\t\t\t<div class=\"elementor-element elementor-element-66de0e6 elementor-mobile-align-start elementor-icon-list--layout-traditional elementor-list-item-link-full_width elementor-widget elementor-widget-icon-list\" data-id=\"66de0e6\" data-element_type=\"widget\" data-e-type=\"widget\" data-widget_type=\"icon-list.default\">\n\t\t\t\t<div class=\"elementor-widget-container\">\n\t\t\t\t\t\t\t<ul class=\"elementor-icon-list-items\">\n\t\t\t\t\t\t\t<li class=\"elementor-icon-list-item\">\n\t\t\t\t\t\t\t\t\t\t\t<span class=\"elementor-icon-list-icon\">\n\t\t\t\t\t\t\t<svg aria-hidden=\"true\" class=\"e-font-icon-svg e-fas-angle-double-down\" viewbox=\"0 0 320 512\" xmlns=\"http:\/\/www.w3.org\/2000\/svg\"><path d=\"M143 256.3L7 120.3c-9.4-9.4-9.4-24.6 0-33.9l22.6-22.6c9.4-9.4 24.6-9.4 33.9 0l96.4 96.4 96.4-96.4c9.4-9.4 24.6-9.4 33.9 0L313 86.3c9.4 9.4 9.4 24.6 0 33.9l-136 136c-9.4 9.5-24.6 9.5-34 .1zm34 192l136-136c9.4-9.4 9.4-24.6 0-33.9l-22.6-22.6c-9.4-9.4-24.6-9.4-33.9 0L160 352.1l-96.4-96.4c-9.4-9.4-24.6-9.4-33.9 0L7 278.3c-9.4 9.4-9.4 24.6 0 33.9l136 136c9.4 9.5 24.6 9.5 34 .1z\"><\/path><\/svg>\t\t\t\t\t\t<\/span>\n\t\t\t\t\t\t\t\t\t\t<span class=\"elementor-icon-list-text\">descubrir m\u00e1s<\/span>\n\t\t\t\t\t\t\t\t\t<\/li>\n\t\t\t\t\t\t<\/ul>\n\t\t\t\t\t\t<\/div>\n\t\t\t\t<\/div>\n\t\t\t\t<div class=\"elementor-element elementor-element-09cc9f2 elementor-widget elementor-widget-heading\" data-id=\"09cc9f2\" data-element_type=\"widget\" data-e-type=\"widget\" data-widget_type=\"heading.default\">\n\t\t\t\t<div class=\"elementor-widget-container\">\n\t\t\t\t\t<h2 class=\"elementor-heading-title elementor-size-default\">Fuerteventura en todas sus facetas<\/h2>\t\t\t\t<\/div>\n\t\t\t\t<\/div>\n\t\t\t\t\t<\/div>\n\t\t<\/div>\n\t\t\t\t\t<\/div>\n\t\t<\/section>\n\t\t<div class=\"elementor-element elementor-element-b582748 e-grid e-con-full e-con e-child\" data-id=\"b582748\" data-element_type=\"container\" data-e-type=\"container\" data-settings=\"{&quot;jet_parallax_layout_list&quot;:[],&quot;background_background&quot;:&quot;classic&quot;,&quot;shape_divider_bottom&quot;:&quot;opacity-tilt&quot;}\">\n\t\t\t\t<div class=\"elementor-shape elementor-shape-bottom\" aria-hidden=\"true\" data-negative=\"false\">\n\t\t\t<svg xmlns=\"http:\/\/www.w3.org\/2000\/svg\" viewbox=\"0 0 2600 131.1\" preserveaspectratio=\"none\">\n\t<path class=\"elementor-shape-fill\" d=\"M0 0L2600 0 2600 69.1 0 0z\"\/>\n\t<path class=\"elementor-shape-fill\" style=\"opacity:0.5\" d=\"M0 0L2600 0 2600 69.1 0 69.1z\"\/>\n\t<path class=\"elementor-shape-fill\" style=\"opacity:0.25\" d=\"M2600 0L0 0 0 130.1 2600 69.1z\"\/>\n<\/svg>\t\t<\/div>\n\t\t<div class=\"elementor-element elementor-element-2645384 e-con-full e-flex e-con e-child\" data-id=\"2645384\" data-element_type=\"container\" data-e-type=\"container\" data-settings=\"{&quot;jet_parallax_layout_list&quot;:[],&quot;animation_mobile&quot;:&quot;none&quot;}\">\n\t\t\t\t<div class=\"elementor-element elementor-element-2fd0ec2 elementor-widget elementor-widget-image\" data-id=\"2fd0ec2\" data-element_type=\"widget\" data-e-type=\"widget\" data-widget_type=\"image.default\">\n\t\t\t\t<div class=\"elementor-widget-container\">\n\t\t\t\t\t\t\t\t\t\t\t\t\t\t\t\t<a href=\"https:\/\/vive-fuerteventura.com\/es\/straende-und-naturpools\/\">\n\t\t\t\t\t\t\t<img fetchpriority=\"high\" decoding=\"async\" width=\"500\" height=\"500\" src=\"https:\/\/vive-fuerteventura.com\/wp-content\/uploads\/2025\/04\/VIVE_Pictures_2025-04-03\/iStock-2187026624butihondo_result-500x500.webp\" class=\"attachment-Image Size 500x500 size-Image Size 500x500 wp-image-12820\" alt=\"\" srcset=\"https:\/\/vive-fuerteventura.com\/wp-content\/uploads\/2025\/04\/VIVE_Pictures_2025-04-03\/iStock-2187026624butihondo_result-500x500.webp 500w, https:\/\/vive-fuerteventura.com\/wp-content\/uploads\/2025\/04\/VIVE_Pictures_2025-04-03\/iStock-2187026624butihondo_result-150x150.webp 150w\" sizes=\"(max-width: 500px) 100vw, 500px\" \/>\t\t\t\t\t\t\t\t<\/a>\n\t\t\t\t\t\t\t\t\t\t\t\t\t\t\t<\/div>\n\t\t\t\t<\/div>\n\t\t\t\t<div class=\"elementor-element elementor-element-aad6346 elementor-align-justify elementor-widget elementor-widget-button\" data-id=\"aad6346\" data-element_type=\"widget\" data-e-type=\"widget\" data-settings=\"{&quot;_animation_mobile&quot;:&quot;none&quot;}\" data-widget_type=\"button.default\">\n\t\t\t\t<div class=\"elementor-widget-container\">\n\t\t\t\t\t\t\t\t\t<div class=\"elementor-button-wrapper\">\n\t\t\t\t\t<a class=\"elementor-button elementor-button-link elementor-size-sm\" href=\"https:\/\/vive-fuerteventura.com\/es\/straende-und-naturpools\/\">\n\t\t\t\t\t\t<span class=\"elementor-button-content-wrapper\">\n\t\t\t\t\t\t\t\t\t<span class=\"elementor-button-text\">Playas<\/span>\n\t\t\t\t\t<\/span>\n\t\t\t\t\t<\/a>\n\t\t\t\t<\/div>\n\t\t\t\t\t\t\t\t<\/div>\n\t\t\t\t<\/div>\n\t\t\t\t<\/div>\n\t\t<div class=\"elementor-element elementor-element-1febb59 e-con-full e-flex e-con e-child\" data-id=\"1febb59\" data-element_type=\"container\" data-e-type=\"container\" data-settings=\"{&quot;jet_parallax_layout_list&quot;:[],&quot;animation_mobile&quot;:&quot;none&quot;}\">\n\t\t\t\t<div class=\"elementor-element elementor-element-832d3bf elementor-widget elementor-widget-image\" data-id=\"832d3bf\" data-element_type=\"widget\" data-e-type=\"widget\" data-settings=\"{&quot;_animation_mobile&quot;:&quot;none&quot;}\" data-widget_type=\"image.default\">\n\t\t\t\t<div class=\"elementor-widget-container\">\n\t\t\t\t\t\t\t\t\t\t\t\t\t\t\t\t<a href=\"https:\/\/vive-fuerteventura.com\/es\/staedte-doerfer\/\">\n\t\t\t\t\t\t\t<img decoding=\"async\" width=\"500\" height=\"500\" src=\"https:\/\/vive-fuerteventura.com\/wp-content\/uploads\/2024\/11\/VIVE-Fuerteventura_Towns-Villages-Corralejo_500x500px-500x500.jpg\" class=\"attachment-Image Size 500x500 size-Image Size 500x500 wp-image-1922\" alt=\"\" srcset=\"https:\/\/vive-fuerteventura.com\/wp-content\/uploads\/2024\/11\/VIVE-Fuerteventura_Towns-Villages-Corralejo_500x500px-500x500.jpg 500w, https:\/\/vive-fuerteventura.com\/wp-content\/uploads\/2024\/11\/VIVE-Fuerteventura_Towns-Villages-Corralejo_500x500px-e1733531481182-150x150.jpg 150w\" sizes=\"(max-width: 500px) 100vw, 500px\" \/>\t\t\t\t\t\t\t\t<\/a>\n\t\t\t\t\t\t\t\t\t\t\t\t\t\t\t<\/div>\n\t\t\t\t<\/div>\n\t\t\t\t<div class=\"elementor-element elementor-element-c0bee08 elementor-align-justify elementor-widget elementor-widget-button\" data-id=\"c0bee08\" data-element_type=\"widget\" data-e-type=\"widget\" data-settings=\"{&quot;_animation_mobile&quot;:&quot;none&quot;}\" data-widget_type=\"button.default\">\n\t\t\t\t<div class=\"elementor-widget-container\">\n\t\t\t\t\t\t\t\t\t<div class=\"elementor-button-wrapper\">\n\t\t\t\t\t<a class=\"elementor-button elementor-button-link elementor-size-sm\" href=\"https:\/\/vive-fuerteventura.com\/es\/staedte-doerfer\/\">\n\t\t\t\t\t\t<span class=\"elementor-button-content-wrapper\">\n\t\t\t\t\t\t\t\t\t<span class=\"elementor-button-text\">Lugares<\/span>\n\t\t\t\t\t<\/span>\n\t\t\t\t\t<\/a>\n\t\t\t\t<\/div>\n\t\t\t\t\t\t\t\t<\/div>\n\t\t\t\t<\/div>\n\t\t\t\t<\/div>\n\t\t<div class=\"elementor-element elementor-element-f2264fe e-con-full e-flex e-con e-child\" data-id=\"f2264fe\" data-element_type=\"container\" data-e-type=\"container\" data-settings=\"{&quot;jet_parallax_layout_list&quot;:[],&quot;animation_mobile&quot;:&quot;none&quot;}\">\n\t\t\t\t<div class=\"elementor-element elementor-element-ba72cdd elementor-widget elementor-widget-image\" data-id=\"ba72cdd\" data-element_type=\"widget\" data-e-type=\"widget\" data-settings=\"{&quot;_animation_mobile&quot;:&quot;none&quot;}\" data-widget_type=\"image.default\">\n\t\t\t\t<div class=\"elementor-widget-container\">\n\t\t\t\t\t\t\t\t\t\t\t\t\t\t\t\t<a href=\"https:\/\/vive-fuerteventura.com\/es\/sehenswuerdigkeiten-aussichtspunkte\/\">\n\t\t\t\t\t\t\t<img decoding=\"async\" width=\"500\" height=\"500\" src=\"https:\/\/vive-fuerteventura.com\/wp-content\/uploads\/2025\/04\/VIVE_Pictures_2025-04-03\/iStock-1086925226roque del moro_result-500x500.webp\" class=\"attachment-Image Size 500x500 size-Image Size 500x500 wp-image-12335\" alt=\"\" srcset=\"\" sizes=\"(max-width: 500px) 100vw, 500px\" data-srcset=\"\" \/>\t\t\t\t\t\t\t\t<\/a>\n\t\t\t\t\t\t\t\t\t\t\t\t\t\t\t<\/div>\n\t\t\t\t<\/div>\n\t\t\t\t<div class=\"elementor-element elementor-element-c05541b elementor-align-justify elementor-widget elementor-widget-button\" data-id=\"c05541b\" data-element_type=\"widget\" data-e-type=\"widget\" data-settings=\"{&quot;_animation_mobile&quot;:&quot;none&quot;}\" data-widget_type=\"button.default\">\n\t\t\t\t<div class=\"elementor-widget-container\">\n\t\t\t\t\t\t\t\t\t<div class=\"elementor-button-wrapper\">\n\t\t\t\t\t<a class=\"elementor-button elementor-button-link elementor-size-sm\" href=\"https:\/\/vive-fuerteventura.com\/es\/sehenswuerdigkeiten-aussichtspunkte\/\">\n\t\t\t\t\t\t<span class=\"elementor-button-content-wrapper\">\n\t\t\t\t\t\t\t\t\t<span class=\"elementor-button-text\">Visitas<\/span>\n\t\t\t\t\t<\/span>\n\t\t\t\t\t<\/a>\n\t\t\t\t<\/div>\n\t\t\t\t\t\t\t\t<\/div>\n\t\t\t\t<\/div>\n\t\t\t\t<\/div>\n\t\t<div class=\"elementor-element elementor-element-ee92e63 e-con-full e-flex e-con e-child\" data-id=\"ee92e63\" data-element_type=\"container\" data-e-type=\"container\" data-settings=\"{&quot;jet_parallax_layout_list&quot;:[],&quot;animation_mobile&quot;:&quot;none&quot;}\">\n\t\t\t\t<div class=\"elementor-element elementor-element-32c5d8b elementor-widget elementor-widget-image\" data-id=\"32c5d8b\" data-element_type=\"widget\" data-e-type=\"widget\" data-settings=\"{&quot;_animation_mobile&quot;:&quot;none&quot;}\" data-widget_type=\"image.default\">\n\t\t\t\t<div class=\"elementor-widget-container\">\n\t\t\t\t\t\t\t\t\t\t\t\t\t\t\t\t<a href=\"https:\/\/vive-fuerteventura.com\/es\/wanderwege\/\">\n\t\t\t\t\t\t\t<img loading=\"lazy\" decoding=\"async\" width=\"500\" height=\"500\" src=\"https:\/\/vive-fuerteventura.com\/wp-content\/uploads\/2024\/10\/VIVE-Fuerteventura-Activities-Hiking_500x500px.jpg\" class=\"attachment-Image Size 500x500 size-Image Size 500x500 wp-image-697\" alt=\"\" srcset=\"https:\/\/vive-fuerteventura.com\/wp-content\/uploads\/2024\/10\/VIVE-Fuerteventura-Activities-Hiking_500x500px.jpg 500w, https:\/\/vive-fuerteventura.com\/wp-content\/uploads\/2024\/10\/VIVE-Fuerteventura-Activities-Hiking_500x500px-300x300.jpg 300w, https:\/\/vive-fuerteventura.com\/wp-content\/uploads\/2024\/10\/VIVE-Fuerteventura-Activities-Hiking_500x500px-150x150.jpg 150w\" sizes=\"(max-width: 500px) 100vw, 500px\" \/>\t\t\t\t\t\t\t\t<\/a>\n\t\t\t\t\t\t\t\t\t\t\t\t\t\t\t<\/div>\n\t\t\t\t<\/div>\n\t\t\t\t<div class=\"elementor-element elementor-element-61662ea elementor-align-justify elementor-widget elementor-widget-button\" data-id=\"61662ea\" data-element_type=\"widget\" data-e-type=\"widget\" data-settings=\"{&quot;_animation_mobile&quot;:&quot;none&quot;}\" data-widget_type=\"button.default\">\n\t\t\t\t<div class=\"elementor-widget-container\">\n\t\t\t\t\t\t\t\t\t<div class=\"elementor-button-wrapper\">\n\t\t\t\t\t<a class=\"elementor-button elementor-button-link elementor-size-sm\" href=\"https:\/\/vive-fuerteventura.com\/es\/wanderwege\/\">\n\t\t\t\t\t\t<span class=\"elementor-button-content-wrapper\">\n\t\t\t\t\t\t\t\t\t<span class=\"elementor-button-text\">Senderismo<\/span>\n\t\t\t\t\t<\/span>\n\t\t\t\t\t<\/a>\n\t\t\t\t<\/div>\n\t\t\t\t\t\t\t\t<\/div>\n\t\t\t\t<\/div>\n\t\t\t\t<\/div>\n\t\t<div class=\"elementor-element elementor-element-e7cd942 e-con-full e-flex e-con e-child\" data-id=\"e7cd942\" data-element_type=\"container\" data-e-type=\"container\" data-settings=\"{&quot;jet_parallax_layout_list&quot;:[],&quot;animation_mobile&quot;:&quot;none&quot;}\">\n\t\t\t\t<div class=\"elementor-element elementor-element-4419240 elementor-widget elementor-widget-image\" data-id=\"4419240\" data-element_type=\"widget\" data-e-type=\"widget\" data-settings=\"{&quot;_animation_mobile&quot;:&quot;none&quot;}\" data-widget_type=\"image.default\">\n\t\t\t\t<div class=\"elementor-widget-container\">\n\t\t\t\t\t\t\t\t\t\t\t\t\t\t\t\t<a href=\"https:\/\/vive-fuerteventura.com\/es\/maerkte\/\">\n\t\t\t\t\t\t\t<img loading=\"lazy\" decoding=\"async\" width=\"500\" height=\"500\" src=\"https:\/\/vive-fuerteventura.com\/wp-content\/uploads\/2024\/10\/VIVE-Fuerteventura-Markets-Categories_500x500px.jpg\" class=\"attachment-Image Size 500x500 size-Image Size 500x500 wp-image-741\" alt=\"\" srcset=\"https:\/\/vive-fuerteventura.com\/wp-content\/uploads\/2024\/10\/VIVE-Fuerteventura-Markets-Categories_500x500px.jpg 500w, https:\/\/vive-fuerteventura.com\/wp-content\/uploads\/2024\/10\/VIVE-Fuerteventura-Markets-Categories_500x500px-300x300.jpg 300w, https:\/\/vive-fuerteventura.com\/wp-content\/uploads\/2024\/10\/VIVE-Fuerteventura-Markets-Categories_500x500px-150x150.jpg 150w\" sizes=\"(max-width: 500px) 100vw, 500px\" \/>\t\t\t\t\t\t\t\t<\/a>\n\t\t\t\t\t\t\t\t\t\t\t\t\t\t\t<\/div>\n\t\t\t\t<\/div>\n\t\t\t\t<div class=\"elementor-element elementor-element-d15b6ba elementor-align-justify elementor-widget elementor-widget-button\" data-id=\"d15b6ba\" data-element_type=\"widget\" data-e-type=\"widget\" data-settings=\"{&quot;_animation_mobile&quot;:&quot;none&quot;}\" data-widget_type=\"button.default\">\n\t\t\t\t<div class=\"elementor-widget-container\">\n\t\t\t\t\t\t\t\t\t<div class=\"elementor-button-wrapper\">\n\t\t\t\t\t<a class=\"elementor-button elementor-button-link elementor-size-sm\" href=\"https:\/\/vive-fuerteventura.com\/es\/maerkte\/\">\n\t\t\t\t\t\t<span class=\"elementor-button-content-wrapper\">\n\t\t\t\t\t\t\t\t\t<span class=\"elementor-button-text\">Mercados<\/span>\n\t\t\t\t\t<\/span>\n\t\t\t\t\t<\/a>\n\t\t\t\t<\/div>\n\t\t\t\t\t\t\t\t<\/div>\n\t\t\t\t<\/div>\n\t\t\t\t<\/div>\n\t\t<div class=\"elementor-element elementor-element-8d9cd00 e-con-full e-flex e-con e-child\" data-id=\"8d9cd00\" data-element_type=\"container\" data-e-type=\"container\" data-settings=\"{&quot;jet_parallax_layout_list&quot;:[],&quot;animation_mobile&quot;:&quot;none&quot;}\">\n\t\t\t\t<div class=\"elementor-element elementor-element-99bc98a elementor-widget elementor-widget-image\" data-id=\"99bc98a\" data-element_type=\"widget\" data-e-type=\"widget\" data-settings=\"{&quot;_animation_mobile&quot;:&quot;none&quot;}\" data-widget_type=\"image.default\">\n\t\t\t\t<div class=\"elementor-widget-container\">\n\t\t\t\t\t\t\t\t\t\t\t\t\t\t\t\t<a href=\"https:\/\/vive-fuerteventura.com\/es\/museen\/\">\n\t\t\t\t\t\t\t<img loading=\"lazy\" decoding=\"async\" width=\"500\" height=\"500\" src=\"https:\/\/vive-fuerteventura.com\/wp-content\/uploads\/2025\/04\/VIVE_Pictures_2025-04-03\/iStock-2148484773museo_result-500x500.webp\" class=\"attachment-Image Size 500x500 size-Image Size 500x500 wp-image-12752\" alt=\"\" srcset=\"https:\/\/vive-fuerteventura.com\/wp-content\/uploads\/2025\/04\/VIVE_Pictures_2025-04-03\/iStock-2148484773museo_result-500x500.webp 500w, https:\/\/vive-fuerteventura.com\/wp-content\/uploads\/2025\/04\/VIVE_Pictures_2025-04-03\/iStock-2148484773museo_result-150x150.webp 150w\" sizes=\"(max-width: 500px) 100vw, 500px\" \/>\t\t\t\t\t\t\t\t<\/a>\n\t\t\t\t\t\t\t\t\t\t\t\t\t\t\t<\/div>\n\t\t\t\t<\/div>\n\t\t\t\t<div class=\"elementor-element elementor-element-765abfe elementor-align-justify elementor-widget elementor-widget-button\" data-id=\"765abfe\" data-element_type=\"widget\" data-e-type=\"widget\" data-settings=\"{&quot;_animation_mobile&quot;:&quot;none&quot;}\" data-widget_type=\"button.default\">\n\t\t\t\t<div class=\"elementor-widget-container\">\n\t\t\t\t\t\t\t\t\t<div class=\"elementor-button-wrapper\">\n\t\t\t\t\t<a class=\"elementor-button elementor-button-link elementor-size-sm\" href=\"https:\/\/vive-fuerteventura.com\/es\/museen\/\">\n\t\t\t\t\t\t<span class=\"elementor-button-content-wrapper\">\n\t\t\t\t\t\t\t\t\t<span class=\"elementor-button-text\">Museos<\/span>\n\t\t\t\t\t<\/span>\n\t\t\t\t\t<\/a>\n\t\t\t\t<\/div>\n\t\t\t\t\t\t\t\t<\/div>\n\t\t\t\t<\/div>\n\t\t\t\t<\/div>\n\t\t<div class=\"elementor-element elementor-element-d4011b7 e-con-full e-flex e-con e-child\" data-id=\"d4011b7\" data-element_type=\"container\" data-e-type=\"container\" data-settings=\"{&quot;jet_parallax_layout_list&quot;:[],&quot;animation_mobile&quot;:&quot;none&quot;}\">\n\t\t\t\t<div class=\"elementor-element elementor-element-f76743e elementor-widget elementor-widget-image\" data-id=\"f76743e\" data-element_type=\"widget\" data-e-type=\"widget\" data-settings=\"{&quot;_animation_mobile&quot;:&quot;none&quot;}\" data-widget_type=\"image.default\">\n\t\t\t\t<div class=\"elementor-widget-container\">\n\t\t\t\t\t\t\t\t\t\t\t\t\t\t\t\t<a href=\"https:\/\/vive-fuerteventura.com\/es\/surf-spots\/\">\n\t\t\t\t\t\t\t<img loading=\"lazy\" decoding=\"async\" width=\"500\" height=\"500\" src=\"https:\/\/vive-fuerteventura.com\/wp-content\/uploads\/2024\/10\/VIVE-Fuerteventura-Activities-Surfing_500x500px.jpg\" class=\"attachment-Image Size 500x500 size-Image Size 500x500 wp-image-12269\" alt=\"\" srcset=\"https:\/\/vive-fuerteventura.com\/wp-content\/uploads\/2024\/10\/VIVE-Fuerteventura-Activities-Surfing_500x500px.jpg 500w, https:\/\/vive-fuerteventura.com\/wp-content\/uploads\/2024\/10\/VIVE-Fuerteventura-Activities-Surfing_500x500px-300x300.jpg 300w, https:\/\/vive-fuerteventura.com\/wp-content\/uploads\/2024\/10\/VIVE-Fuerteventura-Activities-Surfing_500x500px-150x150.jpg 150w\" sizes=\"(max-width: 500px) 100vw, 500px\" \/>\t\t\t\t\t\t\t\t<\/a>\n\t\t\t\t\t\t\t\t\t\t\t\t\t\t\t<\/div>\n\t\t\t\t<\/div>\n\t\t\t\t<div class=\"elementor-element elementor-element-560d236 elementor-align-justify elementor-widget elementor-widget-button\" data-id=\"560d236\" data-element_type=\"widget\" data-e-type=\"widget\" data-settings=\"{&quot;_animation_mobile&quot;:&quot;none&quot;}\" data-widget_type=\"button.default\">\n\t\t\t\t<div class=\"elementor-widget-container\">\n\t\t\t\t\t\t\t\t\t<div class=\"elementor-button-wrapper\">\n\t\t\t\t\t<a class=\"elementor-button elementor-button-link elementor-size-sm\" href=\"https:\/\/vive-fuerteventura.com\/es\/surf-spots\/\">\n\t\t\t\t\t\t<span class=\"elementor-button-content-wrapper\">\n\t\t\t\t\t\t\t\t\t<span class=\"elementor-button-text\">Lugares de Surf<\/span>\n\t\t\t\t\t<\/span>\n\t\t\t\t\t<\/a>\n\t\t\t\t<\/div>\n\t\t\t\t\t\t\t\t<\/div>\n\t\t\t\t<\/div>\n\t\t\t\t<\/div>\n\t\t<div class=\"elementor-element elementor-element-558b312 e-con-full e-flex e-con e-child\" data-id=\"558b312\" data-element_type=\"container\" data-e-type=\"container\" data-settings=\"{&quot;jet_parallax_layout_list&quot;:[],&quot;animation_mobile&quot;:&quot;none&quot;}\">\n\t\t\t\t<div class=\"elementor-element elementor-element-66bf166 elementor-widget elementor-widget-image\" data-id=\"66bf166\" data-element_type=\"widget\" data-e-type=\"widget\" data-settings=\"{&quot;_animation_mobile&quot;:&quot;none&quot;}\" data-widget_type=\"image.default\">\n\t\t\t\t<div class=\"elementor-widget-container\">\n\t\t\t\t\t\t\t\t\t\t\t\t\t\t\t\t<a href=\"https:\/\/vive-fuerteventura.com\/es\/eventkalender\/\">\n\t\t\t\t\t\t\t<img loading=\"lazy\" decoding=\"async\" width=\"500\" height=\"500\" src=\"https:\/\/vive-fuerteventura.com\/wp-content\/uploads\/2025\/04\/VIVE_Pictures_2025-04-03\/Grandes Playas Kitefest 2grandes playas_result-500x500.webp\" class=\"attachment-Image Size 500x500 size-Image Size 500x500 wp-image-11743\" alt=\"\" srcset=\"\" sizes=\"(max-width: 500px) 100vw, 500px\" data-srcset=\"\" \/>\t\t\t\t\t\t\t\t<\/a>\n\t\t\t\t\t\t\t\t\t\t\t\t\t\t\t<\/div>\n\t\t\t\t<\/div>\n\t\t\t\t<div class=\"elementor-element elementor-element-a304303 elementor-align-justify elementor-widget elementor-widget-button\" data-id=\"a304303\" data-element_type=\"widget\" data-e-type=\"widget\" data-settings=\"{&quot;_animation_mobile&quot;:&quot;none&quot;}\" data-widget_type=\"button.default\">\n\t\t\t\t<div class=\"elementor-widget-container\">\n\t\t\t\t\t\t\t\t\t<div class=\"elementor-button-wrapper\">\n\t\t\t\t\t<a class=\"elementor-button elementor-button-link elementor-size-sm\" href=\"https:\/\/vive-fuerteventura.com\/es\/eventkalender\/\">\n\t\t\t\t\t\t<span class=\"elementor-button-content-wrapper\">\n\t\t\t\t\t\t\t\t\t<span class=\"elementor-button-text\">Eventos<\/span>\n\t\t\t\t\t<\/span>\n\t\t\t\t\t<\/a>\n\t\t\t\t<\/div>\n\t\t\t\t\t\t\t\t<\/div>\n\t\t\t\t<\/div>\n\t\t\t\t<\/div>\n\t\t\t\t<\/div>\n\t\t\t\t<section class=\"elementor-section elementor-top-section elementor-element elementor-element-8a9a07d elementor-section-boxed elementor-section-height-default elementor-section-height-default\" data-id=\"8a9a07d\" data-element_type=\"section\" data-e-type=\"section\" data-settings=\"{&quot;jet_parallax_layout_list&quot;:[{&quot;jet_parallax_layout_image&quot;:{&quot;url&quot;:&quot;&quot;,&quot;id&quot;:&quot;&quot;,&quot;size&quot;:&quot;&quot;},&quot;_id&quot;:&quot;431fff4&quot;,&quot;jet_parallax_layout_speed&quot;:{&quot;unit&quot;:&quot;%&quot;,&quot;size&quot;:50,&quot;sizes&quot;:[]},&quot;jet_parallax_layout_image_tablet&quot;:{&quot;url&quot;:&quot;&quot;,&quot;id&quot;:&quot;&quot;,&quot;size&quot;:&quot;&quot;},&quot;jet_parallax_layout_image_mobile&quot;:{&quot;url&quot;:&quot;&quot;,&quot;id&quot;:&quot;&quot;,&quot;size&quot;:&quot;&quot;},&quot;jet_parallax_layout_type&quot;:&quot;scroll&quot;,&quot;jet_parallax_layout_direction&quot;:&quot;1&quot;,&quot;jet_parallax_layout_fx_direction&quot;:null,&quot;jet_parallax_layout_z_index&quot;:&quot;&quot;,&quot;jet_parallax_layout_bg_x&quot;:50,&quot;jet_parallax_layout_bg_x_tablet&quot;:&quot;&quot;,&quot;jet_parallax_layout_bg_x_mobile&quot;:&quot;&quot;,&quot;jet_parallax_layout_bg_y&quot;:50,&quot;jet_parallax_layout_bg_y_tablet&quot;:&quot;&quot;,&quot;jet_parallax_layout_bg_y_mobile&quot;:&quot;&quot;,&quot;jet_parallax_layout_bg_size&quot;:&quot;auto&quot;,&quot;jet_parallax_layout_bg_size_tablet&quot;:&quot;&quot;,&quot;jet_parallax_layout_bg_size_mobile&quot;:&quot;&quot;,&quot;jet_parallax_layout_animation_prop&quot;:&quot;transform&quot;,&quot;jet_parallax_layout_on&quot;:[&quot;desktop&quot;,&quot;tablet&quot;]}],&quot;background_background&quot;:&quot;classic&quot;}\">\n\t\t\t\t\t\t<div class=\"elementor-container elementor-column-gap-no\">\n\t\t\t\t\t<div class=\"elementor-column elementor-col-100 elementor-top-column elementor-element elementor-element-9c9ec32\" data-id=\"9c9ec32\" data-element_type=\"column\" data-e-type=\"column\">\n\t\t\t<div class=\"elementor-widget-wrap elementor-element-populated\">\n\t\t\t\t\t\t<div class=\"elementor-element elementor-element-825fe92 elementor-icon-list--layout-traditional elementor-list-item-link-full_width elementor-widget elementor-widget-icon-list\" data-id=\"825fe92\" data-element_type=\"widget\" data-e-type=\"widget\" data-settings=\"{&quot;_animation_mobile&quot;:&quot;slideInLeft&quot;}\" data-widget_type=\"icon-list.default\">\n\t\t\t\t<div class=\"elementor-widget-container\">\n\t\t\t\t\t\t\t<ul class=\"elementor-icon-list-items\">\n\t\t\t\t\t\t\t<li class=\"elementor-icon-list-item\">\n\t\t\t\t\t\t\t\t\t\t\t<span class=\"elementor-icon-list-icon\">\n\t\t\t\t\t\t\t<svg aria-hidden=\"true\" class=\"e-font-icon-svg e-fas-angle-double-down\" viewbox=\"0 0 320 512\" xmlns=\"http:\/\/www.w3.org\/2000\/svg\"><path d=\"M143 256.3L7 120.3c-9.4-9.4-9.4-24.6 0-33.9l22.6-22.6c9.4-9.4 24.6-9.4 33.9 0l96.4 96.4 96.4-96.4c9.4-9.4 24.6-9.4 33.9 0L313 86.3c9.4 9.4 9.4 24.6 0 33.9l-136 136c-9.4 9.5-24.6 9.5-34 .1zm34 192l136-136c9.4-9.4 9.4-24.6 0-33.9l-22.6-22.6c-9.4-9.4-24.6-9.4-33.9 0L160 352.1l-96.4-96.4c-9.4-9.4-24.6-9.4-33.9 0L7 278.3c-9.4 9.4-9.4 24.6 0 33.9l136 136c9.4 9.5 24.6 9.5 34 .1z\"><\/path><\/svg>\t\t\t\t\t\t<\/span>\n\t\t\t\t\t\t\t\t\t\t<span class=\"elementor-icon-list-text\">Blog y conocimiento de la isla<\/span>\n\t\t\t\t\t\t\t\t\t<\/li>\n\t\t\t\t\t\t<\/ul>\n\t\t\t\t\t\t<\/div>\n\t\t\t\t<\/div>\n\t\t\t\t<div class=\"elementor-element elementor-element-09bbd02 elementor-widget elementor-widget-heading\" data-id=\"09bbd02\" data-element_type=\"widget\" data-e-type=\"widget\" data-widget_type=\"heading.default\">\n\t\t\t\t<div class=\"elementor-widget-container\">\n\t\t\t\t\t<h2 class=\"elementor-heading-title elementor-size-default\">Art\u00edculos, impresiones y curiosidades<\/h2>\t\t\t\t<\/div>\n\t\t\t\t<\/div>\n\t\t\t\t<div class=\"elementor-element elementor-element-a663a67 raven-button-align-justify raven-mobile-button-align-center aktivitaeten-karussell elementor-widget elementor-widget-raven-posts-carousel\" data-id=\"a663a67\" data-element_type=\"widget\" data-e-type=\"widget\" data-settings=\"{&quot;classic_enable_autoplay&quot;:&quot;yes&quot;,&quot;classic_autoplay_speed&quot;:5000,&quot;classic_columns_space_between&quot;:{&quot;unit&quot;:&quot;px&quot;,&quot;size&quot;:15,&quot;sizes&quot;:[]},&quot;_skin&quot;:&quot;classic&quot;,&quot;query_posts_per_page&quot;:10,&quot;classic_slides_view&quot;:&quot;3&quot;,&quot;classic_slides_view_tablet&quot;:&quot;2&quot;,&quot;classic_slides_view_mobile&quot;:&quot;1&quot;,&quot;classic_slides_scroll&quot;:&quot;1&quot;,&quot;classic_slides_scroll_tablet&quot;:&quot;1&quot;,&quot;classic_slides_scroll_mobile&quot;:&quot;1&quot;,&quot;classic_transition_speed&quot;:500,&quot;classic_enable_infinite_loop&quot;:&quot;yes&quot;,&quot;classic_show_arrows&quot;:&quot;yes&quot;,&quot;query_offset&quot;:0,&quot;classic_columns_space_between_tablet&quot;:{&quot;unit&quot;:&quot;px&quot;,&quot;size&quot;:20,&quot;sizes&quot;:[]},&quot;classic_columns_space_between_mobile&quot;:{&quot;unit&quot;:&quot;px&quot;,&quot;size&quot;:10,&quot;sizes&quot;:[]}}\" data-widget_type=\"raven-posts-carousel.classic\">\n\t\t\t\t<div class=\"elementor-widget-container\">\n\t\t\t\t\t\t\t<div class=\"raven-posts-carousel raven-swiper-slider\">\n\t\t\t<div class=\"raven-posts-carousel-swiper-container swiper\">\n\t\t\t\t<div class=\"swiper-wrapper swiper-columns-3\" data-swiper='{&quot;rtl&quot;:false}'>\n\t\t\n\t\t<div class=\"swiper-slide\">\n\t\t\t<div class=\"raven-post-wrapper\">\n\t\t\t\t<div class=\"raven-post\">\n\t\t\t\t\t\t\t<div class=\"raven-post-image-wrap\">\n\t\t\t<a class=\"raven-post-image raven-image-fit\"  href=\"https:\/\/vive-fuerteventura.com\/es\/die-tierwelt-fuerteventuras\/\"><img loading=\"lazy\" decoding=\"async\" width=\"1024\" height=\"681\" src=\"https:\/\/vive-fuerteventura.com\/wp-content\/uploads\/2025\/04\/VIVE_Pictures_2025-04-03\/iStock-1249356790animal_result-1024x681.webp\" class=\"attachment-large size-large wp-image-12407\" alt=\"\" srcset=\"https:\/\/vive-fuerteventura.com\/wp-content\/uploads\/2025\/04\/VIVE_Pictures_2025-04-03\/iStock-1249356790animal_result-1024x681.webp 1024w, https:\/\/vive-fuerteventura.com\/wp-content\/uploads\/2025\/04\/VIVE_Pictures_2025-04-03\/iStock-1249356790animal_result-300x199.webp 300w, https:\/\/vive-fuerteventura.com\/wp-content\/uploads\/2025\/04\/VIVE_Pictures_2025-04-03\/iStock-1249356790animal_result-768x511.webp 768w, https:\/\/vive-fuerteventura.com\/wp-content\/uploads\/2025\/04\/VIVE_Pictures_2025-04-03\/iStock-1249356790animal_result-1536x1021.webp 1536w, https:\/\/vive-fuerteventura.com\/wp-content\/uploads\/2025\/04\/VIVE_Pictures_2025-04-03\/iStock-1249356790animal_result-2048x1362.webp 2048w\" sizes=\"(max-width: 1024px) 100vw, 1024px\" \/> <span class=\"raven-post-image-overlay\"><\/span><\/a>\t\t<\/div>\n\t\t\n\t\t\t\t\t<div class=\"raven-post-content\">\n\t\t\t\t\t\t<h3 class=\"raven-post-title\"><a class=\"raven-post-title-link\" href=\"https:\/\/vive-fuerteventura.com\/es\/die-tierwelt-fuerteventuras\/\">La fauna de Fuerteventura<\/a><\/h3>\t\t<div class=\"raven-post-meta\"><span class=\"raven-post-meta-item raven-post-categories\"><a href=\"https:\/\/vive-fuerteventura.com\/es\/category\/wissenswertes\/\" rel=\"tag\">Merece la pena saberlo<\/a><\/span><\/div>\n\t\t<div class=\"raven-post-excerpt\">A primera vista, Fuerteventura parece est\u00e9ril, pero si se mira m\u00e1s de cerca, descubrir\u00e1 una fauna sorprendentemente diversa que se ha adaptado a las hostiles condiciones: desde animales terrestres y aves hasta el rico mundo submarino.<\/div>\t\t<div class=\"raven-post-read-more\">\n\t\t\t<a class=\"raven-post-button\" href=\"https:\/\/vive-fuerteventura.com\/es\/die-tierwelt-fuerteventuras\/\"><span class=\"raven-post-button-text\">al art\u00edculo<\/span><\/a>\n\t\t<\/div>\n\t\t\t\t\t\t\t<\/div>\n\t\t\t\t<\/div>\n\t\t\t<\/div>\n\t\t<\/div>\n\t\t\n\t\t<div class=\"swiper-slide\">\n\t\t\t<div class=\"raven-post-wrapper\">\n\t\t\t\t<div class=\"raven-post\">\n\t\t\t\t\t\t\t<div class=\"raven-post-image-wrap\">\n\t\t\t<a class=\"raven-post-image raven-image-fit\"  href=\"https:\/\/vive-fuerteventura.com\/es\/gemeinden-fuerteventuras\/\"><img loading=\"lazy\" decoding=\"async\" width=\"1024\" height=\"745\" src=\"https:\/\/vive-fuerteventura.com\/wp-content\/uploads\/2024\/10\/VIVE-Fuerteventura-Blog-Gemeinden-Fuerteventuras-1024x745.jpg\" class=\"attachment-large size-large wp-image-1129\" alt=\"\" srcset=\"https:\/\/vive-fuerteventura.com\/wp-content\/uploads\/2024\/10\/VIVE-Fuerteventura-Blog-Gemeinden-Fuerteventuras-1024x745.jpg 1024w, https:\/\/vive-fuerteventura.com\/wp-content\/uploads\/2024\/10\/VIVE-Fuerteventura-Blog-Gemeinden-Fuerteventuras-300x218.jpg 300w, https:\/\/vive-fuerteventura.com\/wp-content\/uploads\/2024\/10\/VIVE-Fuerteventura-Blog-Gemeinden-Fuerteventuras-768x559.jpg 768w, https:\/\/vive-fuerteventura.com\/wp-content\/uploads\/2024\/10\/VIVE-Fuerteventura-Blog-Gemeinden-Fuerteventuras.jpg 1100w\" sizes=\"(max-width: 1024px) 100vw, 1024px\" \/> <span class=\"raven-post-image-overlay\"><\/span><\/a>\t\t<\/div>\n\t\t\n\t\t\t\t\t<div class=\"raven-post-content\">\n\t\t\t\t\t\t<h3 class=\"raven-post-title\"><a class=\"raven-post-title-link\" href=\"https:\/\/vive-fuerteventura.com\/es\/gemeinden-fuerteventuras\/\">Los municipios de Fuerteventura<\/a><\/h3>\t\t<div class=\"raven-post-meta\"><span class=\"raven-post-meta-item raven-post-categories\"><a href=\"https:\/\/vive-fuerteventura.com\/es\/category\/wissenswertes\/\" rel=\"tag\">Merece la pena saberlo<\/a><\/span><\/div>\n\t\t<div class=\"raven-post-excerpt\">Fuerteventura, la segunda isla m\u00e1s grande de las Canarias, est\u00e1 situada a unos 100 kil\u00f3metros al oeste de la costa marroqu\u00ed. La isla es conocida por sus interminables playas, su paisaje volc\u00e1nico y su clima suave y soleado.<\/div>\t\t<div class=\"raven-post-read-more\">\n\t\t\t<a class=\"raven-post-button\" href=\"https:\/\/vive-fuerteventura.com\/es\/gemeinden-fuerteventuras\/\"><span class=\"raven-post-button-text\">al art\u00edculo<\/span><\/a>\n\t\t<\/div>\n\t\t\t\t\t\t\t<\/div>\n\t\t\t\t<\/div>\n\t\t\t<\/div>\n\t\t<\/div>\n\t\t\n\t\t<div class=\"swiper-slide\">\n\t\t\t<div class=\"raven-post-wrapper\">\n\t\t\t\t<div class=\"raven-post\">\n\t\t\t\t\t\t\t<div class=\"raven-post-image-wrap\">\n\t\t\t<a class=\"raven-post-image raven-image-fit\"  href=\"https:\/\/vive-fuerteventura.com\/es\/die-5-schoensten-tagesrouten\/\"><img loading=\"lazy\" decoding=\"async\" width=\"555\" height=\"900\" src=\"https:\/\/vive-fuerteventura.com\/wp-content\/uploads\/2024\/10\/VIVE-Fuerteventura-Beaches-Playa-Cofete_Start-01_555x900px.jpg\" class=\"attachment-large size-large wp-image-1059\" alt=\"\" srcset=\"https:\/\/vive-fuerteventura.com\/wp-content\/uploads\/2024\/10\/VIVE-Fuerteventura-Beaches-Playa-Cofete_Start-01_555x900px.jpg 555w, https:\/\/vive-fuerteventura.com\/wp-content\/uploads\/2024\/10\/VIVE-Fuerteventura-Beaches-Playa-Cofete_Start-01_555x900px-185x300.jpg 185w\" sizes=\"(max-width: 555px) 100vw, 555px\" \/> <span class=\"raven-post-image-overlay\"><\/span><\/a>\t\t<\/div>\n\t\t\n\t\t\t\t\t<div class=\"raven-post-content\">\n\t\t\t\t\t\t<h3 class=\"raven-post-title\"><a class=\"raven-post-title-link\" href=\"https:\/\/vive-fuerteventura.com\/es\/die-5-schoensten-tagesrouten\/\">Las rutas m\u00e1s bellas del d\u00eda<\/a><\/h3>\t\t<div class=\"raven-post-meta\"><span class=\"raven-post-meta-item raven-post-categories\"><a href=\"https:\/\/vive-fuerteventura.com\/es\/category\/erlebnisse\/\" rel=\"tag\">Experiencias<\/a><\/span><\/div>\n\t\t<div class=\"raven-post-excerpt\">Viva Fuerteventura seg\u00fan sus preferencias y descubra las m\u00faltiples facetas de la isla en extraordinarias excursiones de un d\u00eda. No importa la ruta que elija, cada d\u00eda ser\u00e1 una experiencia inolvidable.<\/div>\t\t<div class=\"raven-post-read-more\">\n\t\t\t<a class=\"raven-post-button\" href=\"https:\/\/vive-fuerteventura.com\/es\/die-5-schoensten-tagesrouten\/\"><span class=\"raven-post-button-text\">al art\u00edculo<\/span><\/a>\n\t\t<\/div>\n\t\t\t\t\t\t\t<\/div>\n\t\t\t\t<\/div>\n\t\t\t<\/div>\n\t\t<\/div>\n\t\t\t\t\t\t<\/div>\n\t\t<div class=\"swiper-pagination swiper-pager-outside bullets-pagination-type\"><\/div>\n\t\t<\/div>\n\n\t\t\t\t\t\t\t<div class=\"swiper-button-prev\"><\/div>\n\t\t\t\t<div class=\"swiper-button-next\"><\/div>\n\t\t\t\n\t\t<\/div>\n\t\t\t\t\t\t<\/div>\n\t\t\t\t<\/div>\n\t\t\t\t\t<\/div>\n\t\t<\/div>\n\t\t\t\t\t<\/div>\n\t\t<\/section>\n\t\t\t\t<section class=\"elementor-section elementor-top-section elementor-element elementor-element-cc69265 elementor-section-boxed elementor-section-height-default elementor-section-height-default\" data-id=\"cc69265\" data-element_type=\"section\" data-e-type=\"section\" data-settings=\"{&quot;jet_parallax_layout_list&quot;:[{&quot;jet_parallax_layout_image&quot;:{&quot;url&quot;:&quot;&quot;,&quot;id&quot;:&quot;&quot;,&quot;size&quot;:&quot;&quot;},&quot;_id&quot;:&quot;431fff4&quot;,&quot;jet_parallax_layout_speed&quot;:{&quot;unit&quot;:&quot;%&quot;,&quot;size&quot;:50,&quot;sizes&quot;:[]},&quot;jet_parallax_layout_image_tablet&quot;:{&quot;url&quot;:&quot;&quot;,&quot;id&quot;:&quot;&quot;,&quot;size&quot;:&quot;&quot;},&quot;jet_parallax_layout_image_mobile&quot;:{&quot;url&quot;:&quot;&quot;,&quot;id&quot;:&quot;&quot;,&quot;size&quot;:&quot;&quot;},&quot;jet_parallax_layout_type&quot;:&quot;scroll&quot;,&quot;jet_parallax_layout_direction&quot;:&quot;1&quot;,&quot;jet_parallax_layout_fx_direction&quot;:null,&quot;jet_parallax_layout_z_index&quot;:&quot;&quot;,&quot;jet_parallax_layout_bg_x&quot;:50,&quot;jet_parallax_layout_bg_x_tablet&quot;:&quot;&quot;,&quot;jet_parallax_layout_bg_x_mobile&quot;:&quot;&quot;,&quot;jet_parallax_layout_bg_y&quot;:50,&quot;jet_parallax_layout_bg_y_tablet&quot;:&quot;&quot;,&quot;jet_parallax_layout_bg_y_mobile&quot;:&quot;&quot;,&quot;jet_parallax_layout_bg_size&quot;:&quot;auto&quot;,&quot;jet_parallax_layout_bg_size_tablet&quot;:&quot;&quot;,&quot;jet_parallax_layout_bg_size_mobile&quot;:&quot;&quot;,&quot;jet_parallax_layout_animation_prop&quot;:&quot;transform&quot;,&quot;jet_parallax_layout_on&quot;:[&quot;desktop&quot;,&quot;tablet&quot;]}],&quot;background_background&quot;:&quot;classic&quot;}\">\n\t\t\t\t\t\t<div class=\"elementor-container elementor-column-gap-no\">\n\t\t\t\t\t<div class=\"elementor-column elementor-col-50 elementor-top-column elementor-element elementor-element-c0b3dd8\" data-id=\"c0b3dd8\" data-element_type=\"column\" data-e-type=\"column\">\n\t\t\t<div class=\"elementor-widget-wrap elementor-element-populated\">\n\t\t\t\t\t\t<div class=\"elementor-element elementor-element-1e79d58 elementor-widget elementor-widget-image\" data-id=\"1e79d58\" data-element_type=\"widget\" data-e-type=\"widget\" data-widget_type=\"image.default\">\n\t\t\t\t<div class=\"elementor-widget-container\">\n\t\t\t\t\t\t\t\t\t\t\t\t\t\t\t\t<a href=\"https:\/\/vive-fuerteventura.com\/es\/home\/\">\n\t\t\t\t\t\t\t<img decoding=\"async\" src=\"https:\/\/vive-fuerteventura.com\/wp-content\/uploads\/2025\/04\/VIVE_Pictures_2025-04-03\/pascal-scholl-WlxHpuwbLns-unsplashfuerteventura general_result.webp\" title=\"pascal-scholl-WlxHpuwbLns-unsplashfuerteventura general_result\" alt=\"pascal-scholl-WlxHpuwbLns-unsplashfuerteventura general_result\" loading=\"lazy\" \/>\t\t\t\t\t\t\t\t<\/a>\n\t\t\t\t\t\t\t\t\t\t\t\t\t\t\t<\/div>\n\t\t\t\t<\/div>\n\t\t\t\t<div class=\"elementor-element elementor-element-d85124a elementor-widget-mobile__width-initial elementor-widget elementor-widget-image\" data-id=\"d85124a\" data-element_type=\"widget\" data-e-type=\"widget\" data-widget_type=\"image.default\">\n\t\t\t\t<div class=\"elementor-widget-container\">\n\t\t\t\t\t\t\t\t\t\t\t\t\t\t\t\t<a href=\"https:\/\/vive-fuerteventura.com\/es\/home\/\">\n\t\t\t\t\t\t\t<img loading=\"lazy\" decoding=\"async\" width=\"1024\" height=\"589\" src=\"https:\/\/vive-fuerteventura.com\/wp-content\/uploads\/2018\/09\/VIVE-Fuerteventura-white-Logo-e1727689829431-1024x589.png\" class=\"attachment-large size-large wp-image-321\" alt=\"\" srcset=\"https:\/\/vive-fuerteventura.com\/wp-content\/uploads\/2018\/09\/VIVE-Fuerteventura-white-Logo-e1727689829431-1024x589.png 1024w, https:\/\/vive-fuerteventura.com\/wp-content\/uploads\/2018\/09\/VIVE-Fuerteventura-white-Logo-e1727689829431-300x173.png 300w, https:\/\/vive-fuerteventura.com\/wp-content\/uploads\/2018\/09\/VIVE-Fuerteventura-white-Logo-e1727689829431-768x442.png 768w, https:\/\/vive-fuerteventura.com\/wp-content\/uploads\/2018\/09\/VIVE-Fuerteventura-white-Logo-e1727689829431.png 1395w\" sizes=\"(max-width: 1024px) 100vw, 1024px\" \/>\t\t\t\t\t\t\t\t<\/a>\n\t\t\t\t\t\t\t\t\t\t\t\t\t\t\t<\/div>\n\t\t\t\t<\/div>\n\t\t\t\t<div class=\"elementor-element elementor-element-c2329b3 elementor-align-justify elementor-mobile-align-right elementor-widget elementor-widget-button\" data-id=\"c2329b3\" data-element_type=\"widget\" data-e-type=\"widget\" data-widget_type=\"button.default\">\n\t\t\t\t<div class=\"elementor-widget-container\">\n\t\t\t\t\t\t\t\t\t<div class=\"elementor-button-wrapper\">\n\t\t\t\t\t<a class=\"elementor-button elementor-button-link elementor-size-sm elementor-animation-shrink\" href=\"https:\/\/vive-fuerteventura.com\/es\/home\/\">\n\t\t\t\t\t\t<span class=\"elementor-button-content-wrapper\">\n\t\t\t\t\t\t<span class=\"elementor-button-icon\">\n\t\t\t\t<svg aria-hidden=\"true\" class=\"e-font-icon-svg e-fas-angle-double-left\" viewbox=\"0 0 448 512\" xmlns=\"http:\/\/www.w3.org\/2000\/svg\"><path d=\"M223.7 239l136-136c9.4-9.4 24.6-9.4 33.9 0l22.6 22.6c9.4 9.4 9.4 24.6 0 33.9L319.9 256l96.4 96.4c9.4 9.4 9.4 24.6 0 33.9L393.7 409c-9.4 9.4-24.6 9.4-33.9 0l-136-136c-9.5-9.4-9.5-24.6-.1-34zm-192 34l136 136c9.4 9.4 24.6 9.4 33.9 0l22.6-22.6c9.4-9.4 9.4-24.6 0-33.9L127.9 256l96.4-96.4c9.4-9.4 9.4-24.6 0-33.9L201.7 103c-9.4-9.4-24.6-9.4-33.9 0l-136 136c-9.5 9.4-9.5 24.6-.1 34z\"><\/path><\/svg>\t\t\t<\/span>\n\t\t\t\t\t\t\t\t\t<span class=\"elementor-button-text\">volver a la p\u00e1gina de inicio<\/span>\n\t\t\t\t\t<\/span>\n\t\t\t\t\t<\/a>\n\t\t\t\t<\/div>\n\t\t\t\t\t\t\t\t<\/div>\n\t\t\t\t<\/div>\n\t\t\t\t\t<\/div>\n\t\t<\/div>\n\t\t\t\t<div class=\"elementor-column elementor-col-50 elementor-top-column elementor-element elementor-element-3815258\" data-id=\"3815258\" data-element_type=\"column\" data-e-type=\"column\">\n\t\t\t<div class=\"elementor-widget-wrap elementor-element-populated\">\n\t\t\t\t\t\t\t<\/div>\n\t\t<\/div>\n\t\t\t\t\t<\/div>\n\t\t<\/section>\n\t\t\t\t<\/div>\n\t\t<button class=\"simplefavorite-button\" data-postid=\"84\" data-siteid=\"1\" data-groupid=\"1\" data-favoritecount=\"0\" style=\"\">\u2661<\/button>","protected":false},"excerpt":{"rendered":"<p>Fuerteventura est\u00e1 situada a unos 100 kil\u00f3metros al oeste de la costa marroqu\u00ed. La isla es conocida por sus interminables playas, su paisaje volc\u00e1nico y su clima suave y soleado, que atrae a turistas durante todo el a\u00f1o.<\/p>","protected":false},"author":2,"featured_media":12312,"comment_status":"closed","ping_status":"closed","sticky":false,"template":"elementor_header_footer","format":"standard","meta":{"_acf_changed":false,"footnotes":""},"categories":[16],"tags":[],"class_list":["post-36880","post","type-post","status-publish","format-standard","has-post-thumbnail","hentry","category-wissenswertes"],"acf":[],"yoast_head":"<!-- This site is optimized with the Yoast SEO plugin v26.7 - https:\/\/yoast.com\/wordpress\/plugins\/seo\/ -->\n<title>Interior Design - Jupiter X Templates<\/title>\n<meta name=\"description\" content=\"An interior design website template by Jupiter X WP Theme that will showcase the intention and energy of a space using the LayerSlide plugin, Portfolio and many more features.\" \/>\n<meta name=\"robots\" content=\"index, follow, max-snippet:-1, max-image-preview:large, max-video-preview:-1\" \/>\n<link rel=\"canonical\" href=\"https:\/\/vive-fuerteventura.com\/es\/eine-insel-voller-kontraste\/\" \/>\n<meta property=\"og:locale\" content=\"es_ES\" \/>\n<meta property=\"og:type\" content=\"article\" \/>\n<meta property=\"og:title\" content=\"Interior Design - Jupiter X Templates\" \/>\n<meta property=\"og:description\" content=\"An interior design website template by Jupiter X WP Theme that will showcase the intention and energy of a space using the LayerSlide plugin, Portfolio and many more features.\" \/>\n<meta property=\"og:url\" content=\"https:\/\/vive-fuerteventura.com\/es\/eine-insel-voller-kontraste\/\" \/>\n<meta property=\"og:site_name\" content=\"VIVE Fuerteventura\" \/>\n<meta property=\"article:published_time\" content=\"2025-10-11T19:51:43+00:00\" \/>\n<meta property=\"article:modified_time\" content=\"2025-12-09T00:23:46+00:00\" \/>\n<meta property=\"og:image\" content=\"https:\/\/vive-fuerteventura.com\/wp-content\/uploads\/2025\/04\/VIVE_Pictures_2025-04-03\/hanna-E-unsplashfuerteventura%20general_result-1024x683.webp\" \/>\n\t<meta property=\"og:image:width\" content=\"1024\" \/>\n\t<meta property=\"og:image:height\" content=\"683\" \/>\n\t<meta property=\"og:image:type\" content=\"image\/webp\" \/>\n<meta name=\"author\" content=\"Programmer\" \/>\n<meta name=\"twitter:card\" content=\"summary_large_image\" \/>\n<meta name=\"twitter:label1\" content=\"Escrito por\" \/>\n\t<meta name=\"twitter:data1\" content=\"Programmer\" \/>\n\t<meta name=\"twitter:label2\" content=\"Tiempo de lectura\" \/>\n\t<meta name=\"twitter:data2\" content=\"8 minutos\" \/>\n<script type=\"application\/ld+json\" class=\"yoast-schema-graph\">{\"@context\":\"https:\/\/schema.org\",\"@graph\":[{\"@type\":\"Article\",\"@id\":\"https:\/\/vive-fuerteventura.com\/eine-insel-voller-kontraste\/#article\",\"isPartOf\":{\"@id\":\"https:\/\/vive-fuerteventura.com\/eine-insel-voller-kontraste\/\"},\"author\":{\"name\":\"Programmer\",\"@id\":\"https:\/\/vive-fuerteventura.com\/#\/schema\/person\/8461f5941e09e1c2692d34477b1d0b0b\"},\"headline\":\"Eine Insel voller Kontraste\",\"datePublished\":\"2025-10-11T19:51:43+00:00\",\"dateModified\":\"2025-12-09T00:23:46+00:00\",\"mainEntityOfPage\":{\"@id\":\"https:\/\/vive-fuerteventura.com\/eine-insel-voller-kontraste\/\"},\"wordCount\":839,\"image\":{\"@id\":\"https:\/\/vive-fuerteventura.com\/eine-insel-voller-kontraste\/#primaryimage\"},\"thumbnailUrl\":\"https:\/\/vive-fuerteventura.com\/wp-content\/uploads\/2025\/04\/VIVE_Pictures_2025-04-03\/hanna-E-unsplashfuerteventura general_result.webp\",\"articleSection\":[\"Wissenswertes\"],\"inLanguage\":\"es\"},{\"@type\":\"WebPage\",\"@id\":\"https:\/\/vive-fuerteventura.com\/eine-insel-voller-kontraste\/\",\"url\":\"https:\/\/vive-fuerteventura.com\/eine-insel-voller-kontraste\/\",\"name\":\"Interior Design - Jupiter X Templates\",\"isPartOf\":{\"@id\":\"https:\/\/vive-fuerteventura.com\/#website\"},\"primaryImageOfPage\":{\"@id\":\"https:\/\/vive-fuerteventura.com\/eine-insel-voller-kontraste\/#primaryimage\"},\"image\":{\"@id\":\"https:\/\/vive-fuerteventura.com\/eine-insel-voller-kontraste\/#primaryimage\"},\"thumbnailUrl\":\"https:\/\/vive-fuerteventura.com\/wp-content\/uploads\/2025\/04\/VIVE_Pictures_2025-04-03\/hanna-E-unsplashfuerteventura general_result.webp\",\"datePublished\":\"2025-10-11T19:51:43+00:00\",\"dateModified\":\"2025-12-09T00:23:46+00:00\",\"author\":{\"@id\":\"https:\/\/vive-fuerteventura.com\/#\/schema\/person\/8461f5941e09e1c2692d34477b1d0b0b\"},\"description\":\"An interior design website template by Jupiter X WP Theme that will showcase the intention and energy of a space using the LayerSlide plugin, Portfolio and many more features.\",\"breadcrumb\":{\"@id\":\"https:\/\/vive-fuerteventura.com\/eine-insel-voller-kontraste\/#breadcrumb\"},\"inLanguage\":\"es\",\"potentialAction\":[{\"@type\":\"ReadAction\",\"target\":[\"https:\/\/vive-fuerteventura.com\/eine-insel-voller-kontraste\/\"]}]},{\"@type\":\"ImageObject\",\"inLanguage\":\"es\",\"@id\":\"https:\/\/vive-fuerteventura.com\/eine-insel-voller-kontraste\/#primaryimage\",\"url\":\"https:\/\/vive-fuerteventura.com\/wp-content\/uploads\/2025\/04\/VIVE_Pictures_2025-04-03\/hanna-E-unsplashfuerteventura general_result.webp\",\"contentUrl\":\"https:\/\/vive-fuerteventura.com\/wp-content\/uploads\/2025\/04\/VIVE_Pictures_2025-04-03\/hanna-E-unsplashfuerteventura general_result.webp\",\"width\":4608,\"height\":3072},{\"@type\":\"BreadcrumbList\",\"@id\":\"https:\/\/vive-fuerteventura.com\/eine-insel-voller-kontraste\/#breadcrumb\",\"itemListElement\":[{\"@type\":\"ListItem\",\"position\":1,\"name\":\"Startseite\",\"item\":\"https:\/\/vive-fuerteventura.com\/\"},{\"@type\":\"ListItem\",\"position\":2,\"name\":\"Eine Insel voller Kontraste\"}]},{\"@type\":\"WebSite\",\"@id\":\"https:\/\/vive-fuerteventura.com\/#website\",\"url\":\"https:\/\/vive-fuerteventura.com\/\",\"name\":\"VIVE Fuerteventura\",\"description\":\"Deine interaktive Plattform f\u00fcr einzigartige Inselerlebnisse!\",\"potentialAction\":[{\"@type\":\"SearchAction\",\"target\":{\"@type\":\"EntryPoint\",\"urlTemplate\":\"https:\/\/vive-fuerteventura.com\/?s={search_term_string}\"},\"query-input\":{\"@type\":\"PropertyValueSpecification\",\"valueRequired\":true,\"valueName\":\"search_term_string\"}}],\"inLanguage\":\"es\"},{\"@type\":\"Person\",\"@id\":\"https:\/\/vive-fuerteventura.com\/#\/schema\/person\/8461f5941e09e1c2692d34477b1d0b0b\",\"name\":\"Programmer\",\"image\":{\"@type\":\"ImageObject\",\"inLanguage\":\"es\",\"@id\":\"https:\/\/vive-fuerteventura.com\/#\/schema\/person\/image\/\",\"url\":\"https:\/\/secure.gravatar.com\/avatar\/32da30368925d656bbb1e564c4ad4eb7684ba9f71f4b1e4086d4070b986c178f?s=96&d=mm&r=g\",\"contentUrl\":\"https:\/\/secure.gravatar.com\/avatar\/32da30368925d656bbb1e564c4ad4eb7684ba9f71f4b1e4086d4070b986c178f?s=96&d=mm&r=g\",\"caption\":\"Programmer\"},\"url\":\"https:\/\/vive-fuerteventura.com\/es\/author\/programmer\/\"}]}<\/script>\n<!-- \/ Yoast SEO plugin. -->","yoast_head_json":{"title":"Interior Design - Jupiter X Templates","description":"An interior design website template by Jupiter X WP Theme that will showcase the intention and energy of a space using the LayerSlide plugin, Portfolio and many more features.","robots":{"index":"index","follow":"follow","max-snippet":"max-snippet:-1","max-image-preview":"max-image-preview:large","max-video-preview":"max-video-preview:-1"},"canonical":"https:\/\/vive-fuerteventura.com\/es\/eine-insel-voller-kontraste\/","og_locale":"es_ES","og_type":"article","og_title":"Interior Design - Jupiter X Templates","og_description":"An interior design website template by Jupiter X WP Theme that will showcase the intention and energy of a space using the LayerSlide plugin, Portfolio and many more features.","og_url":"https:\/\/vive-fuerteventura.com\/es\/eine-insel-voller-kontraste\/","og_site_name":"VIVE Fuerteventura","article_published_time":"2025-10-11T19:51:43+00:00","article_modified_time":"2025-12-09T00:23:46+00:00","og_image":[{"width":1024,"height":683,"url":"https:\/\/vive-fuerteventura.com\/wp-content\/uploads\/2025\/04\/VIVE_Pictures_2025-04-03\/hanna-E-unsplashfuerteventura general_result-1024x683.webp","type":"image\/webp"}],"author":"Programmer","twitter_card":"summary_large_image","twitter_misc":{"Escrito por":"Programmer","Tiempo de lectura":"8 minutos"},"schema":{"@context":"https:\/\/schema.org","@graph":[{"@type":"Article","@id":"https:\/\/vive-fuerteventura.com\/eine-insel-voller-kontraste\/#article","isPartOf":{"@id":"https:\/\/vive-fuerteventura.com\/eine-insel-voller-kontraste\/"},"author":{"name":"Programmer","@id":"https:\/\/vive-fuerteventura.com\/#\/schema\/person\/8461f5941e09e1c2692d34477b1d0b0b"},"headline":"Eine Insel voller Kontraste","datePublished":"2025-10-11T19:51:43+00:00","dateModified":"2025-12-09T00:23:46+00:00","mainEntityOfPage":{"@id":"https:\/\/vive-fuerteventura.com\/eine-insel-voller-kontraste\/"},"wordCount":839,"image":{"@id":"https:\/\/vive-fuerteventura.com\/eine-insel-voller-kontraste\/#primaryimage"},"thumbnailUrl":"https:\/\/vive-fuerteventura.com\/wp-content\/uploads\/2025\/04\/VIVE_Pictures_2025-04-03\/hanna-E-unsplashfuerteventura general_result.webp","articleSection":["Wissenswertes"],"inLanguage":"es"},{"@type":"WebPage","@id":"https:\/\/vive-fuerteventura.com\/eine-insel-voller-kontraste\/","url":"https:\/\/vive-fuerteventura.com\/eine-insel-voller-kontraste\/","name":"Interior Design - Jupiter X Templates","isPartOf":{"@id":"https:\/\/vive-fuerteventura.com\/#website"},"primaryImageOfPage":{"@id":"https:\/\/vive-fuerteventura.com\/eine-insel-voller-kontraste\/#primaryimage"},"image":{"@id":"https:\/\/vive-fuerteventura.com\/eine-insel-voller-kontraste\/#primaryimage"},"thumbnailUrl":"https:\/\/vive-fuerteventura.com\/wp-content\/uploads\/2025\/04\/VIVE_Pictures_2025-04-03\/hanna-E-unsplashfuerteventura general_result.webp","datePublished":"2025-10-11T19:51:43+00:00","dateModified":"2025-12-09T00:23:46+00:00","author":{"@id":"https:\/\/vive-fuerteventura.com\/#\/schema\/person\/8461f5941e09e1c2692d34477b1d0b0b"},"description":"An interior design website template by Jupiter X WP Theme that will showcase the intention and energy of a space using the LayerSlide plugin, Portfolio and many more features.","breadcrumb":{"@id":"https:\/\/vive-fuerteventura.com\/eine-insel-voller-kontraste\/#breadcrumb"},"inLanguage":"es","potentialAction":[{"@type":"ReadAction","target":["https:\/\/vive-fuerteventura.com\/eine-insel-voller-kontraste\/"]}]},{"@type":"ImageObject","inLanguage":"es","@id":"https:\/\/vive-fuerteventura.com\/eine-insel-voller-kontraste\/#primaryimage","url":"https:\/\/vive-fuerteventura.com\/wp-content\/uploads\/2025\/04\/VIVE_Pictures_2025-04-03\/hanna-E-unsplashfuerteventura general_result.webp","contentUrl":"https:\/\/vive-fuerteventura.com\/wp-content\/uploads\/2025\/04\/VIVE_Pictures_2025-04-03\/hanna-E-unsplashfuerteventura general_result.webp","width":4608,"height":3072},{"@type":"BreadcrumbList","@id":"https:\/\/vive-fuerteventura.com\/eine-insel-voller-kontraste\/#breadcrumb","itemListElement":[{"@type":"ListItem","position":1,"name":"Startseite","item":"https:\/\/vive-fuerteventura.com\/"},{"@type":"ListItem","position":2,"name":"Eine Insel voller Kontraste"}]},{"@type":"WebSite","@id":"https:\/\/vive-fuerteventura.com\/#website","url":"https:\/\/vive-fuerteventura.com\/","name":"VIVE Fuerteventura","description":"Su plataforma interactiva para vivir experiencias \u00fanicas en la isla","potentialAction":[{"@type":"SearchAction","target":{"@type":"EntryPoint","urlTemplate":"https:\/\/vive-fuerteventura.com\/?s={search_term_string}"},"query-input":{"@type":"PropertyValueSpecification","valueRequired":true,"valueName":"search_term_string"}}],"inLanguage":"es"},{"@type":"Person","@id":"https:\/\/vive-fuerteventura.com\/#\/schema\/person\/8461f5941e09e1c2692d34477b1d0b0b","name":"Programmer","image":{"@type":"ImageObject","inLanguage":"es","@id":"https:\/\/vive-fuerteventura.com\/#\/schema\/person\/image\/","url":"https:\/\/secure.gravatar.com\/avatar\/32da30368925d656bbb1e564c4ad4eb7684ba9f71f4b1e4086d4070b986c178f?s=96&d=mm&r=g","contentUrl":"https:\/\/secure.gravatar.com\/avatar\/32da30368925d656bbb1e564c4ad4eb7684ba9f71f4b1e4086d4070b986c178f?s=96&d=mm&r=g","caption":"Programmer"},"url":"https:\/\/vive-fuerteventura.com\/es\/author\/programmer\/"}]}},"_links":{"self":[{"href":"https:\/\/vive-fuerteventura.com\/es\/wp-json\/wp\/v2\/posts\/36880","targetHints":{"allow":["GET"]}}],"collection":[{"href":"https:\/\/vive-fuerteventura.com\/es\/wp-json\/wp\/v2\/posts"}],"about":[{"href":"https:\/\/vive-fuerteventura.com\/es\/wp-json\/wp\/v2\/types\/post"}],"author":[{"embeddable":true,"href":"https:\/\/vive-fuerteventura.com\/es\/wp-json\/wp\/v2\/users\/2"}],"replies":[{"embeddable":true,"href":"https:\/\/vive-fuerteventura.com\/es\/wp-json\/wp\/v2\/comments?post=36880"}],"version-history":[{"count":15,"href":"https:\/\/vive-fuerteventura.com\/es\/wp-json\/wp\/v2\/posts\/36880\/revisions"}],"predecessor-version":[{"id":41152,"href":"https:\/\/vive-fuerteventura.com\/es\/wp-json\/wp\/v2\/posts\/36880\/revisions\/41152"}],"wp:featuredmedia":[{"embeddable":true,"href":"https:\/\/vive-fuerteventura.com\/es\/wp-json\/wp\/v2\/media\/12312"}],"wp:attachment":[{"href":"https:\/\/vive-fuerteventura.com\/es\/wp-json\/wp\/v2\/media?parent=36880"}],"wp:term":[{"taxonomy":"category","embeddable":true,"href":"https:\/\/vive-fuerteventura.com\/es\/wp-json\/wp\/v2\/categories?post=36880"},{"taxonomy":"post_tag","embeddable":true,"href":"https:\/\/vive-fuerteventura.com\/es\/wp-json\/wp\/v2\/tags?post=36880"}],"curies":[{"name":"wp","href":"https:\/\/api.w.org\/{rel}","templated":true}]}}