{"id":1232,"date":"2024-10-15T20:57:06","date_gmt":"2024-10-15T18:57:06","guid":{"rendered":"https:\/\/vive-fuerteventura.com\/?p=1232"},"modified":"2025-12-09T01:23:42","modified_gmt":"2025-12-09T00:23:42","slug":"gemeinden-fuerteventuras","status":"publish","type":"post","link":"https:\/\/vive-fuerteventura.com\/es\/gemeinden-fuerteventuras\/","title":{"rendered":"Los municipios de Fuerteventura"},"content":{"rendered":"<div data-elementor-type=\"wp-post\" data-elementor-id=\"1232\" class=\"elementor elementor-1232\" data-elementor-post-type=\"post\">\n\t\t\t\t\t\t<section class=\"elementor-section elementor-top-section elementor-element elementor-element-7e2b85a elementor-section-height-min-height elementor-section-content-top elementor-section-boxed elementor-section-height-default elementor-section-items-middle\" data-id=\"7e2b85a\" data-element_type=\"section\" data-e-type=\"section\" data-settings=\"{&quot;jet_parallax_layout_list&quot;:[{&quot;jet_parallax_layout_image&quot;:{&quot;url&quot;:&quot;&quot;,&quot;id&quot;:&quot;&quot;,&quot;size&quot;:&quot;&quot;},&quot;_id&quot;:&quot;c530a76&quot;,&quot;jet_parallax_layout_speed&quot;:{&quot;unit&quot;:&quot;%&quot;,&quot;size&quot;:50,&quot;sizes&quot;:[]},&quot;jet_parallax_layout_image_tablet&quot;:{&quot;url&quot;:&quot;&quot;,&quot;id&quot;:&quot;&quot;,&quot;size&quot;:&quot;&quot;},&quot;jet_parallax_layout_image_mobile&quot;:{&quot;url&quot;:&quot;&quot;,&quot;id&quot;:&quot;&quot;,&quot;size&quot;:&quot;&quot;},&quot;jet_parallax_layout_type&quot;:&quot;scroll&quot;,&quot;jet_parallax_layout_direction&quot;:&quot;1&quot;,&quot;jet_parallax_layout_fx_direction&quot;:null,&quot;jet_parallax_layout_z_index&quot;:&quot;&quot;,&quot;jet_parallax_layout_bg_x&quot;:50,&quot;jet_parallax_layout_bg_x_tablet&quot;:&quot;&quot;,&quot;jet_parallax_layout_bg_x_mobile&quot;:&quot;&quot;,&quot;jet_parallax_layout_bg_y&quot;:50,&quot;jet_parallax_layout_bg_y_tablet&quot;:&quot;&quot;,&quot;jet_parallax_layout_bg_y_mobile&quot;:&quot;&quot;,&quot;jet_parallax_layout_bg_size&quot;:&quot;auto&quot;,&quot;jet_parallax_layout_bg_size_tablet&quot;:&quot;&quot;,&quot;jet_parallax_layout_bg_size_mobile&quot;:&quot;&quot;,&quot;jet_parallax_layout_animation_prop&quot;:&quot;transform&quot;,&quot;jet_parallax_layout_on&quot;:[&quot;desktop&quot;,&quot;tablet&quot;]}],&quot;background_background&quot;:&quot;classic&quot;}\">\n\t\t\t\t\t\t<div class=\"elementor-container elementor-column-gap-default\">\n\t\t\t\t\t<div class=\"elementor-column elementor-col-100 elementor-top-column elementor-element elementor-element-9732b1d\" data-id=\"9732b1d\" data-element_type=\"column\" data-e-type=\"column\">\n\t\t\t<div class=\"elementor-widget-wrap elementor-element-populated\">\n\t\t\t\t\t\t<div class=\"elementor-element elementor-element-f035e51 elementor-widget elementor-widget-heading\" data-id=\"f035e51\" data-element_type=\"widget\" data-e-type=\"widget\" data-settings=\"{&quot;_animation_mobile&quot;:&quot;zoomIn&quot;}\" data-widget_type=\"heading.default\">\n\t\t\t\t<div class=\"elementor-widget-container\">\n\t\t\t\t\t<h2 class=\"elementor-heading-title elementor-size-default\">Los municipios de Fuerteventura<\/h2>\t\t\t\t<\/div>\n\t\t\t\t<\/div>\n\t\t\t\t\t<\/div>\n\t\t<\/div>\n\t\t\t\t\t<\/div>\n\t\t<\/section>\n\t\t<div class=\"elementor-element elementor-element-81f5b3e e-flex e-con-boxed e-con e-parent\" data-id=\"81f5b3e\" data-element_type=\"container\" data-e-type=\"container\" data-settings=\"{&quot;jet_parallax_layout_list&quot;:[]}\">\n\t\t\t\t\t<div class=\"e-con-inner\">\n\t\t\t\t<div class=\"elementor-element elementor-element-47f3eab elementor-widget elementor-widget-heading\" data-id=\"47f3eab\" data-element_type=\"widget\" data-e-type=\"widget\" data-settings=\"{&quot;_animation_mobile&quot;:&quot;fadeInUp&quot;}\" data-widget_type=\"heading.default\">\n\t\t\t\t<div class=\"elementor-widget-container\">\n\t\t\t\t\t<h2 class=\"elementor-heading-title elementor-size-default\">Merece la pena saberlo<\/h2>\t\t\t\t<\/div>\n\t\t\t\t<\/div>\n\t\t\t\t\t<\/div>\n\t\t\t\t<\/div>\n\t\t<div class=\"elementor-element elementor-element-485dac5b e-con-full e-flex e-con e-parent\" data-id=\"485dac5b\" data-element_type=\"container\" data-e-type=\"container\" data-settings=\"{&quot;jet_parallax_layout_list&quot;:[],&quot;background_background&quot;:&quot;classic&quot;}\">\n\t\t\t\t<div class=\"elementor-element elementor-element-5246c42a elementor-widget__width-initial elementor-widget-mobile__width-inherit elementor-widget elementor-widget-text-editor\" data-id=\"5246c42a\" data-element_type=\"widget\" data-e-type=\"widget\" data-widget_type=\"text-editor.default\">\n\t\t\t\t<div class=\"elementor-widget-container\">\n\t\t\t\t\t\t\t\t\t<p>Fuerteventura est\u00e1 dividida en seis municipios, cada uno con sus propias caracter\u00edsticas y encanto. Aqu\u00ed podr\u00e1 conocer mejor las regiones \u00fanicas de la isla, desde pueblos hist\u00f3ricos hasta playas v\u00edrgenes.<\/p>\t\t\t\t\t\t\t\t<\/div>\n\t\t\t\t<\/div>\n\t\t\t\t<\/div>\n\t\t<div class=\"elementor-element elementor-element-837b835 e-flex e-con-boxed e-con e-parent\" data-id=\"837b835\" data-element_type=\"container\" data-e-type=\"container\" data-settings=\"{&quot;jet_parallax_layout_list&quot;:[],&quot;background_background&quot;:&quot;classic&quot;}\">\n\t\t\t\t\t<div class=\"e-con-inner\">\n\t\t\t\t<div class=\"elementor-element elementor-element-f3e9bd6 elementor-icon-list--layout-traditional elementor-list-item-link-full_width elementor-widget elementor-widget-icon-list\" data-id=\"f3e9bd6\" data-element_type=\"widget\" data-e-type=\"widget\" data-widget_type=\"icon-list.default\">\n\t\t\t\t<div class=\"elementor-widget-container\">\n\t\t\t\t\t\t\t<ul class=\"elementor-icon-list-items\">\n\t\t\t\t\t\t\t<li class=\"elementor-icon-list-item\">\n\t\t\t\t\t\t\t\t\t\t\t<span class=\"elementor-icon-list-icon\">\n\t\t\t\t\t\t\t<svg aria-hidden=\"true\" class=\"e-font-icon-svg e-fas-archway\" viewbox=\"0 0 576 512\" xmlns=\"http:\/\/www.w3.org\/2000\/svg\"><path d=\"M560 448h-16V96H32v352H16.02c-8.84 0-16 7.16-16 16v32c0 8.84 7.16 16 16 16H176c8.84 0 16-7.16 16-16V320c0-53.02 42.98-96 96-96s96 42.98 96 96l.02 160v16c0 8.84 7.16 16 16 16H560c8.84 0 16-7.16 16-16v-32c0-8.84-7.16-16-16-16zm0-448H16C7.16 0 0 7.16 0 16v32c0 8.84 7.16 16 16 16h544c8.84 0 16-7.16 16-16V16c0-8.84-7.16-16-16-16z\"><\/path><\/svg>\t\t\t\t\t\t<\/span>\n\t\t\t\t\t\t\t\t\t\t<span class=\"elementor-icon-list-text\">Antigua<\/span>\n\t\t\t\t\t\t\t\t\t<\/li>\n\t\t\t\t\t\t<\/ul>\n\t\t\t\t\t\t<\/div>\n\t\t\t\t<\/div>\n\t\t\t\t\t<\/div>\n\t\t\t\t<\/div>\n\t\t<div class=\"elementor-element elementor-element-32cd833 e-flex e-con-boxed e-con e-parent\" data-id=\"32cd833\" data-element_type=\"container\" data-e-type=\"container\" data-settings=\"{&quot;jet_parallax_layout_list&quot;:[]}\">\n\t\t\t\t\t<div class=\"e-con-inner\">\n\t\t\t\t<div class=\"elementor-element elementor-element-d91fd94 elementor-widget elementor-widget-heading\" data-id=\"d91fd94\" data-element_type=\"widget\" data-e-type=\"widget\" data-widget_type=\"heading.default\">\n\t\t\t\t<div class=\"elementor-widget-container\">\n\t\t\t\t\t<h2 class=\"elementor-heading-title elementor-size-default\">Coraz\u00f3n agr\u00edcola tradicional de la isla <\/h2>\t\t\t\t<\/div>\n\t\t\t\t<\/div>\n\t\t\t\t\t<\/div>\n\t\t\t\t<\/div>\n\t\t<div class=\"elementor-element elementor-element-b7ca8a3 e-flex e-con-boxed e-con e-parent\" data-id=\"b7ca8a3\" data-element_type=\"container\" data-e-type=\"container\" data-settings=\"{&quot;jet_parallax_layout_list&quot;:[],&quot;background_background&quot;:&quot;classic&quot;}\">\n\t\t\t\t\t<div class=\"e-con-inner\">\n\t\t<div class=\"elementor-element elementor-element-55932b8 e-con-full e-flex e-con e-child\" data-id=\"55932b8\" data-element_type=\"container\" data-e-type=\"container\" data-settings=\"{&quot;jet_parallax_layout_list&quot;:[]}\">\n\t\t\t\t<div class=\"elementor-element elementor-element-10159e5 elementor-widget elementor-widget-text-editor\" data-id=\"10159e5\" data-element_type=\"widget\" data-e-type=\"widget\" data-widget_type=\"text-editor.default\">\n\t\t\t\t<div class=\"elementor-widget-container\">\n\t\t\t\t\t\t\t\t\t<p>Antigua est\u00e1 situada en el coraz\u00f3n de la isla y es conocida por su arquitectura tradicional y sus impresionantes molinos de viento. La ciudad tiene un aire tranquilo y rural, y sus alrededores se caracterizan por la agricultura y la artesan\u00eda. Merece la pena visitar el Museo del Queso Majorero, donde podr\u00e1 aprender todo sobre el famoso queso de cabra de la isla.<\/p>\t\t\t\t\t\t\t\t<\/div>\n\t\t\t\t<\/div>\n\t\t\t\t<\/div>\n\t\t\t\t\t<\/div>\n\t\t\t\t<\/div>\n\t\t<div class=\"elementor-element elementor-element-a39b0bf e-flex e-con-boxed e-con e-parent\" data-id=\"a39b0bf\" data-element_type=\"container\" data-e-type=\"container\" data-settings=\"{&quot;jet_parallax_layout_list&quot;:[],&quot;background_background&quot;:&quot;classic&quot;}\">\n\t\t\t\t\t<div class=\"e-con-inner\">\n\t\t\t\t<div class=\"elementor-element elementor-element-85bf84a elementor-icon-list--layout-traditional elementor-list-item-link-full_width elementor-widget elementor-widget-icon-list\" data-id=\"85bf84a\" data-element_type=\"widget\" data-e-type=\"widget\" data-widget_type=\"icon-list.default\">\n\t\t\t\t<div class=\"elementor-widget-container\">\n\t\t\t\t\t\t\t<ul class=\"elementor-icon-list-items\">\n\t\t\t\t\t\t\t<li class=\"elementor-icon-list-item\">\n\t\t\t\t\t\t\t\t\t\t\t<span class=\"elementor-icon-list-icon\">\n\t\t\t\t\t\t\t<svg aria-hidden=\"true\" class=\"e-font-icon-svg e-fas-archway\" viewbox=\"0 0 576 512\" xmlns=\"http:\/\/www.w3.org\/2000\/svg\"><path d=\"M560 448h-16V96H32v352H16.02c-8.84 0-16 7.16-16 16v32c0 8.84 7.16 16 16 16H176c8.84 0 16-7.16 16-16V320c0-53.02 42.98-96 96-96s96 42.98 96 96l.02 160v16c0 8.84 7.16 16 16 16H560c8.84 0 16-7.16 16-16v-32c0-8.84-7.16-16-16-16zm0-448H16C7.16 0 0 7.16 0 16v32c0 8.84 7.16 16 16 16h544c8.84 0 16-7.16 16-16V16c0-8.84-7.16-16-16-16z\"><\/path><\/svg>\t\t\t\t\t\t<\/span>\n\t\t\t\t\t\t\t\t\t\t<span class=\"elementor-icon-list-text\">Betancuria<\/span>\n\t\t\t\t\t\t\t\t\t<\/li>\n\t\t\t\t\t\t<\/ul>\n\t\t\t\t\t\t<\/div>\n\t\t\t\t<\/div>\n\t\t\t\t\t<\/div>\n\t\t\t\t<\/div>\n\t\t<div class=\"elementor-element elementor-element-e371628 e-flex e-con-boxed e-con e-parent\" data-id=\"e371628\" data-element_type=\"container\" data-e-type=\"container\" data-settings=\"{&quot;jet_parallax_layout_list&quot;:[]}\">\n\t\t\t\t\t<div class=\"e-con-inner\">\n\t\t\t\t<div class=\"elementor-element elementor-element-bab56b3 elementor-widget elementor-widget-heading\" data-id=\"bab56b3\" data-element_type=\"widget\" data-e-type=\"widget\" data-widget_type=\"heading.default\">\n\t\t\t\t<div class=\"elementor-widget-container\">\n\t\t\t\t\t<h2 class=\"elementor-heading-title elementor-size-default\">Comunidad hist\u00f3rica rodeada de impresionantes paisajes<\/h2>\t\t\t\t<\/div>\n\t\t\t\t<\/div>\n\t\t\t\t\t<\/div>\n\t\t\t\t<\/div>\n\t\t<div class=\"elementor-element elementor-element-80a4b5f e-flex e-con-boxed e-con e-parent\" data-id=\"80a4b5f\" data-element_type=\"container\" data-e-type=\"container\" data-settings=\"{&quot;jet_parallax_layout_list&quot;:[],&quot;background_background&quot;:&quot;classic&quot;}\">\n\t\t\t\t\t<div class=\"e-con-inner\">\n\t\t<div class=\"elementor-element elementor-element-40d5ba0 e-con-full e-flex e-con e-child\" data-id=\"40d5ba0\" data-element_type=\"container\" data-e-type=\"container\" data-settings=\"{&quot;jet_parallax_layout_list&quot;:[]}\">\n\t\t\t\t<div class=\"elementor-element elementor-element-e1fea9f elementor-widget elementor-widget-text-editor\" data-id=\"e1fea9f\" data-element_type=\"widget\" data-e-type=\"widget\" data-widget_type=\"text-editor.default\">\n\t\t\t\t<div class=\"elementor-widget-container\">\n\t\t\t\t\t\t\t\t\t<p data-start=\"301\" data-end=\"609\">El municipio de Betancuria, que debe su nombre a la capital hist\u00f3rica de Fuerteventura del mismo nombre, est\u00e1 considerado el coraz\u00f3n cultural de la isla. Adem\u00e1s del encantador pueblo de Betancuria, con sus callejuelas encaladas y la Iglesia de Santa Mar\u00eda, los valles y monta\u00f1as de los alrededores tambi\u00e9n son perfectos para explorar.<\/p><p data-start=\"611\" data-end=\"780\">La regi\u00f3n se caracteriza por un paisaje \u00fanico que combina de forma especial tranquilidad, historia y naturaleza, ideal para pasear, fotografiar y hacer senderismo.<\/p>\t\t\t\t\t\t\t\t<\/div>\n\t\t\t\t<\/div>\n\t\t\t\t<\/div>\n\t\t\t\t\t<\/div>\n\t\t\t\t<\/div>\n\t\t<div class=\"elementor-element elementor-element-d925f57 e-flex e-con-boxed e-con e-parent\" data-id=\"d925f57\" data-element_type=\"container\" data-e-type=\"container\" data-settings=\"{&quot;jet_parallax_layout_list&quot;:[],&quot;background_background&quot;:&quot;classic&quot;}\">\n\t\t\t\t\t<div class=\"e-con-inner\">\n\t\t\t\t<div class=\"elementor-element elementor-element-e37d463 elementor-icon-list--layout-traditional elementor-list-item-link-full_width elementor-widget elementor-widget-icon-list\" data-id=\"e37d463\" data-element_type=\"widget\" data-e-type=\"widget\" data-widget_type=\"icon-list.default\">\n\t\t\t\t<div class=\"elementor-widget-container\">\n\t\t\t\t\t\t\t<ul class=\"elementor-icon-list-items\">\n\t\t\t\t\t\t\t<li class=\"elementor-icon-list-item\">\n\t\t\t\t\t\t\t\t\t\t\t<span class=\"elementor-icon-list-icon\">\n\t\t\t\t\t\t\t<svg aria-hidden=\"true\" class=\"e-font-icon-svg e-fas-archway\" viewbox=\"0 0 576 512\" xmlns=\"http:\/\/www.w3.org\/2000\/svg\"><path d=\"M560 448h-16V96H32v352H16.02c-8.84 0-16 7.16-16 16v32c0 8.84 7.16 16 16 16H176c8.84 0 16-7.16 16-16V320c0-53.02 42.98-96 96-96s96 42.98 96 96l.02 160v16c0 8.84 7.16 16 16 16H560c8.84 0 16-7.16 16-16v-32c0-8.84-7.16-16-16-16zm0-448H16C7.16 0 0 7.16 0 16v32c0 8.84 7.16 16 16 16h544c8.84 0 16-7.16 16-16V16c0-8.84-7.16-16-16-16z\"><\/path><\/svg>\t\t\t\t\t\t<\/span>\n\t\t\t\t\t\t\t\t\t\t<span class=\"elementor-icon-list-text\">La Oliva<\/span>\n\t\t\t\t\t\t\t\t\t<\/li>\n\t\t\t\t\t\t<\/ul>\n\t\t\t\t\t\t<\/div>\n\t\t\t\t<\/div>\n\t\t\t\t\t<\/div>\n\t\t\t\t<\/div>\n\t\t<div class=\"elementor-element elementor-element-9403d6a e-flex e-con-boxed e-con e-parent\" data-id=\"9403d6a\" data-element_type=\"container\" data-e-type=\"container\" data-settings=\"{&quot;jet_parallax_layout_list&quot;:[]}\">\n\t\t\t\t\t<div class=\"e-con-inner\">\n\t\t\t\t<div class=\"elementor-element elementor-element-f733ac3 elementor-widget elementor-widget-heading\" data-id=\"f733ac3\" data-element_type=\"widget\" data-e-type=\"widget\" data-widget_type=\"heading.default\">\n\t\t\t\t<div class=\"elementor-widget-container\">\n\t\t\t\t\t<h2 class=\"elementor-heading-title elementor-size-default\">Centro cultural con patrimonio colonial y hermosas playas<\/h2>\t\t\t\t<\/div>\n\t\t\t\t<\/div>\n\t\t\t\t\t<\/div>\n\t\t\t\t<\/div>\n\t\t<div class=\"elementor-element elementor-element-aa18921 e-flex e-con-boxed e-con e-parent\" data-id=\"aa18921\" data-element_type=\"container\" data-e-type=\"container\" data-settings=\"{&quot;jet_parallax_layout_list&quot;:[],&quot;background_background&quot;:&quot;classic&quot;}\">\n\t\t\t\t\t<div class=\"e-con-inner\">\n\t\t<div class=\"elementor-element elementor-element-e21961c e-con-full e-flex e-con e-child\" data-id=\"e21961c\" data-element_type=\"container\" data-e-type=\"container\" data-settings=\"{&quot;jet_parallax_layout_list&quot;:[]}\">\n\t\t\t\t<div class=\"elementor-element elementor-element-3fa22ed elementor-widget elementor-widget-text-editor\" data-id=\"3fa22ed\" data-element_type=\"widget\" data-e-type=\"widget\" data-widget_type=\"text-editor.default\">\n\t\t\t\t<div class=\"elementor-widget-container\">\n\t\t\t\t\t\t\t\t\tSituada en el norte de la isla, La Oliva es un importante centro hist\u00f3rico y cultural. La Casa de los Coroneles es uno de los edificios m\u00e1s famosos y refleja el pasado colonial. Cerca se encuentra el popular complejo vacacional de Corralejo, con sus impresionantes dunas e innumerables oportunidades para practicar deportes acu\u00e1ticos.\t\t\t\t\t\t\t\t<\/div>\n\t\t\t\t<\/div>\n\t\t\t\t<\/div>\n\t\t\t\t\t<\/div>\n\t\t\t\t<\/div>\n\t\t<div class=\"elementor-element elementor-element-23860e6 e-flex e-con-boxed e-con e-parent\" data-id=\"23860e6\" data-element_type=\"container\" data-e-type=\"container\" data-settings=\"{&quot;jet_parallax_layout_list&quot;:[],&quot;background_background&quot;:&quot;classic&quot;}\">\n\t\t\t\t\t<div class=\"e-con-inner\">\n\t\t\t\t<div class=\"elementor-element elementor-element-06e464b elementor-icon-list--layout-traditional elementor-list-item-link-full_width elementor-widget elementor-widget-icon-list\" data-id=\"06e464b\" data-element_type=\"widget\" data-e-type=\"widget\" data-widget_type=\"icon-list.default\">\n\t\t\t\t<div class=\"elementor-widget-container\">\n\t\t\t\t\t\t\t<ul class=\"elementor-icon-list-items\">\n\t\t\t\t\t\t\t<li class=\"elementor-icon-list-item\">\n\t\t\t\t\t\t\t\t\t\t\t<span class=\"elementor-icon-list-icon\">\n\t\t\t\t\t\t\t<svg aria-hidden=\"true\" class=\"e-font-icon-svg e-fas-archway\" viewbox=\"0 0 576 512\" xmlns=\"http:\/\/www.w3.org\/2000\/svg\"><path d=\"M560 448h-16V96H32v352H16.02c-8.84 0-16 7.16-16 16v32c0 8.84 7.16 16 16 16H176c8.84 0 16-7.16 16-16V320c0-53.02 42.98-96 96-96s96 42.98 96 96l.02 160v16c0 8.84 7.16 16 16 16H560c8.84 0 16-7.16 16-16v-32c0-8.84-7.16-16-16-16zm0-448H16C7.16 0 0 7.16 0 16v32c0 8.84 7.16 16 16 16h544c8.84 0 16-7.16 16-16V16c0-8.84-7.16-16-16-16z\"><\/path><\/svg>\t\t\t\t\t\t<\/span>\n\t\t\t\t\t\t\t\t\t\t<span class=\"elementor-icon-list-text\">P\u00e1jara<\/span>\n\t\t\t\t\t\t\t\t\t<\/li>\n\t\t\t\t\t\t<\/ul>\n\t\t\t\t\t\t<\/div>\n\t\t\t\t<\/div>\n\t\t\t\t\t<\/div>\n\t\t\t\t<\/div>\n\t\t<div class=\"elementor-element elementor-element-9673c7d e-flex e-con-boxed e-con e-parent\" data-id=\"9673c7d\" data-element_type=\"container\" data-e-type=\"container\" data-settings=\"{&quot;jet_parallax_layout_list&quot;:[]}\">\n\t\t\t\t\t<div class=\"e-con-inner\">\n\t\t\t\t<div class=\"elementor-element elementor-element-de8a4b8 elementor-widget elementor-widget-heading\" data-id=\"de8a4b8\" data-element_type=\"widget\" data-e-type=\"widget\" data-widget_type=\"heading.default\">\n\t\t\t\t<div class=\"elementor-widget-container\">\n\t\t\t\t\t<h2 class=\"elementor-heading-title elementor-size-default\">Kil\u00f3metros de costa y naturaleza virgen<\/h2>\t\t\t\t<\/div>\n\t\t\t\t<\/div>\n\t\t\t\t\t<\/div>\n\t\t\t\t<\/div>\n\t\t<div class=\"elementor-element elementor-element-72e7fa0 e-flex e-con-boxed e-con e-parent\" data-id=\"72e7fa0\" data-element_type=\"container\" data-e-type=\"container\" data-settings=\"{&quot;jet_parallax_layout_list&quot;:[],&quot;background_background&quot;:&quot;classic&quot;}\">\n\t\t\t\t\t<div class=\"e-con-inner\">\n\t\t<div class=\"elementor-element elementor-element-4d19898 e-con-full e-flex e-con e-child\" data-id=\"4d19898\" data-element_type=\"container\" data-e-type=\"container\" data-settings=\"{&quot;jet_parallax_layout_list&quot;:[]}\">\n\t\t\t\t<div class=\"elementor-element elementor-element-d93acec elementor-widget elementor-widget-text-editor\" data-id=\"d93acec\" data-element_type=\"widget\" data-e-type=\"widget\" data-widget_type=\"text-editor.default\">\n\t\t\t\t<div class=\"elementor-widget-container\">\n\t\t\t\t\t\t\t\t\t<p>P\u00e1jara es el municipio m\u00e1s grande de Fuerteventura y abarca las impresionantes playas de la pen\u00ednsula de Jand\u00eda, incluida la famosa Playa de Cofete. La regi\u00f3n es ideal para los amantes de la naturaleza y los aventureros que deseen explorar la belleza virgen de la costa oeste. La ciudad del mismo nombre y centro administrativo del municipio es conocida por la singular arquitectura de la Iglesia de Nuestra Se\u00f1ora de la Regla y el exuberante casco urbano. Los populares centros tur\u00edsticos del sur, como Morro Jable y Costa Calma, tambi\u00e9n forman parte del municipio.<\/p>\t\t\t\t\t\t\t\t<\/div>\n\t\t\t\t<\/div>\n\t\t\t\t<\/div>\n\t\t\t\t\t<\/div>\n\t\t\t\t<\/div>\n\t\t<div class=\"elementor-element elementor-element-398a822 e-flex e-con-boxed e-con e-parent\" data-id=\"398a822\" data-element_type=\"container\" data-e-type=\"container\" data-settings=\"{&quot;jet_parallax_layout_list&quot;:[],&quot;background_background&quot;:&quot;classic&quot;}\">\n\t\t\t\t\t<div class=\"e-con-inner\">\n\t\t\t\t<div class=\"elementor-element elementor-element-a2bb0fa elementor-icon-list--layout-traditional elementor-list-item-link-full_width elementor-widget elementor-widget-icon-list\" data-id=\"a2bb0fa\" data-element_type=\"widget\" data-e-type=\"widget\" data-widget_type=\"icon-list.default\">\n\t\t\t\t<div class=\"elementor-widget-container\">\n\t\t\t\t\t\t\t<ul class=\"elementor-icon-list-items\">\n\t\t\t\t\t\t\t<li class=\"elementor-icon-list-item\">\n\t\t\t\t\t\t\t\t\t\t\t<span class=\"elementor-icon-list-icon\">\n\t\t\t\t\t\t\t<svg aria-hidden=\"true\" class=\"e-font-icon-svg e-fas-archway\" viewbox=\"0 0 576 512\" xmlns=\"http:\/\/www.w3.org\/2000\/svg\"><path d=\"M560 448h-16V96H32v352H16.02c-8.84 0-16 7.16-16 16v32c0 8.84 7.16 16 16 16H176c8.84 0 16-7.16 16-16V320c0-53.02 42.98-96 96-96s96 42.98 96 96l.02 160v16c0 8.84 7.16 16 16 16H560c8.84 0 16-7.16 16-16v-32c0-8.84-7.16-16-16-16zm0-448H16C7.16 0 0 7.16 0 16v32c0 8.84 7.16 16 16 16h544c8.84 0 16-7.16 16-16V16c0-8.84-7.16-16-16-16z\"><\/path><\/svg>\t\t\t\t\t\t<\/span>\n\t\t\t\t\t\t\t\t\t\t<span class=\"elementor-icon-list-text\">Puerto del Rosario<\/span>\n\t\t\t\t\t\t\t\t\t<\/li>\n\t\t\t\t\t\t<\/ul>\n\t\t\t\t\t\t<\/div>\n\t\t\t\t<\/div>\n\t\t\t\t\t<\/div>\n\t\t\t\t<\/div>\n\t\t<div class=\"elementor-element elementor-element-1ed7290 e-flex e-con-boxed e-con e-parent\" data-id=\"1ed7290\" data-element_type=\"container\" data-e-type=\"container\" data-settings=\"{&quot;jet_parallax_layout_list&quot;:[]}\">\n\t\t\t\t\t<div class=\"e-con-inner\">\n\t\t\t\t<div class=\"elementor-element elementor-element-641900c elementor-widget elementor-widget-heading\" data-id=\"641900c\" data-element_type=\"widget\" data-e-type=\"widget\" data-widget_type=\"heading.default\">\n\t\t\t\t<div class=\"elementor-widget-container\">\n\t\t\t\t\t<h2 class=\"elementor-heading-title elementor-size-default\">Comunidad vibrante con arte, cultura y ambiente urbano<\/h2>\t\t\t\t<\/div>\n\t\t\t\t<\/div>\n\t\t\t\t\t<\/div>\n\t\t\t\t<\/div>\n\t\t<div class=\"elementor-element elementor-element-0893e21 e-flex e-con-boxed e-con e-parent\" data-id=\"0893e21\" data-element_type=\"container\" data-e-type=\"container\" data-settings=\"{&quot;jet_parallax_layout_list&quot;:[],&quot;background_background&quot;:&quot;classic&quot;}\">\n\t\t\t\t\t<div class=\"e-con-inner\">\n\t\t<div class=\"elementor-element elementor-element-8d96d08 e-con-full e-flex e-con e-child\" data-id=\"8d96d08\" data-element_type=\"container\" data-e-type=\"container\" data-settings=\"{&quot;jet_parallax_layout_list&quot;:[]}\">\n\t\t\t\t<div class=\"elementor-element elementor-element-8f40eb2 elementor-widget elementor-widget-text-editor\" data-id=\"8f40eb2\" data-element_type=\"widget\" data-e-type=\"widget\" data-widget_type=\"text-editor.default\">\n\t\t\t\t<div class=\"elementor-widget-container\">\n\t\t\t\t\t\t\t\t\t<p data-start=\"261\" data-end=\"608\">El municipio de Puerto del Rosario no s\u00f3lo incluye la capital de Fuerteventura del mismo nombre, sino tambi\u00e9n varios pueblos m\u00e1s peque\u00f1os a lo largo de la costa este. El centro lo forma la ciudad de Puerto del Rosario, centro administrativo y econ\u00f3mico de la isla. Aqu\u00ed confluyen la vida moderna de la ciudad, el arte en los espacios p\u00fablicos y la cultura canaria.<\/p><p data-start=\"610\" data-end=\"925\">El paseo mar\u00edtimo con la Playa del Pozo, tambi\u00e9n conocida como \u201ePlaya Chica\u201c, es especialmente popular, al igual que las numerosas esculturas que dan a la ciudad un toque especial. Las playas y centros tur\u00edsticos de los alrededores, como Caleta de Fuste, tambi\u00e9n pertenecen al municipio de Puerto del Rosario y ofrecen una amplia oferta de ocio.<\/p>\t\t\t\t\t\t\t\t<\/div>\n\t\t\t\t<\/div>\n\t\t\t\t<\/div>\n\t\t\t\t\t<\/div>\n\t\t\t\t<\/div>\n\t\t<div class=\"elementor-element elementor-element-8a6a6df e-flex e-con-boxed e-con e-parent\" data-id=\"8a6a6df\" data-element_type=\"container\" data-e-type=\"container\" data-settings=\"{&quot;jet_parallax_layout_list&quot;:[],&quot;background_background&quot;:&quot;classic&quot;}\">\n\t\t\t\t\t<div class=\"e-con-inner\">\n\t\t\t\t<div class=\"elementor-element elementor-element-927c8b4 elementor-icon-list--layout-traditional elementor-list-item-link-full_width elementor-widget elementor-widget-icon-list\" data-id=\"927c8b4\" data-element_type=\"widget\" data-e-type=\"widget\" data-widget_type=\"icon-list.default\">\n\t\t\t\t<div class=\"elementor-widget-container\">\n\t\t\t\t\t\t\t<ul class=\"elementor-icon-list-items\">\n\t\t\t\t\t\t\t<li class=\"elementor-icon-list-item\">\n\t\t\t\t\t\t\t\t\t\t\t<span class=\"elementor-icon-list-icon\">\n\t\t\t\t\t\t\t<svg aria-hidden=\"true\" class=\"e-font-icon-svg e-fas-archway\" viewbox=\"0 0 576 512\" xmlns=\"http:\/\/www.w3.org\/2000\/svg\"><path d=\"M560 448h-16V96H32v352H16.02c-8.84 0-16 7.16-16 16v32c0 8.84 7.16 16 16 16H176c8.84 0 16-7.16 16-16V320c0-53.02 42.98-96 96-96s96 42.98 96 96l.02 160v16c0 8.84 7.16 16 16 16H560c8.84 0 16-7.16 16-16v-32c0-8.84-7.16-16-16-16zm0-448H16C7.16 0 0 7.16 0 16v32c0 8.84 7.16 16 16 16h544c8.84 0 16-7.16 16-16V16c0-8.84-7.16-16-16-16z\"><\/path><\/svg>\t\t\t\t\t\t<\/span>\n\t\t\t\t\t\t\t\t\t\t<span class=\"elementor-icon-list-text\">Tuineje<\/span>\n\t\t\t\t\t\t\t\t\t<\/li>\n\t\t\t\t\t\t<\/ul>\n\t\t\t\t\t\t<\/div>\n\t\t\t\t<\/div>\n\t\t\t\t\t<\/div>\n\t\t\t\t<\/div>\n\t\t<div class=\"elementor-element elementor-element-d3ae590 e-flex e-con-boxed e-con e-parent\" data-id=\"d3ae590\" data-element_type=\"container\" data-e-type=\"container\" data-settings=\"{&quot;jet_parallax_layout_list&quot;:[]}\">\n\t\t\t\t\t<div class=\"e-con-inner\">\n\t\t\t\t<div class=\"elementor-element elementor-element-45f7ceb elementor-widget elementor-widget-heading\" data-id=\"45f7ceb\" data-element_type=\"widget\" data-e-type=\"widget\" data-widget_type=\"heading.default\">\n\t\t\t\t<div class=\"elementor-widget-container\">\n\t\t\t\t\t<h2 class=\"elementor-heading-title elementor-size-default\">Idilio rural y lugares cargados de historia en el sur de la isla<\/h2>\t\t\t\t<\/div>\n\t\t\t\t<\/div>\n\t\t\t\t\t<\/div>\n\t\t\t\t<\/div>\n\t\t<div class=\"elementor-element elementor-element-be970e5 e-flex e-con-boxed e-con e-parent\" data-id=\"be970e5\" data-element_type=\"container\" data-e-type=\"container\" data-settings=\"{&quot;jet_parallax_layout_list&quot;:[],&quot;background_background&quot;:&quot;classic&quot;}\">\n\t\t\t\t\t<div class=\"e-con-inner\">\n\t\t<div class=\"elementor-element elementor-element-d2db482 e-con-full e-flex e-con e-child\" data-id=\"d2db482\" data-element_type=\"container\" data-e-type=\"container\" data-settings=\"{&quot;jet_parallax_layout_list&quot;:[]}\">\n\t\t\t\t<div class=\"elementor-element elementor-element-3d979e6 elementor-widget elementor-widget-text-editor\" data-id=\"3d979e6\" data-element_type=\"widget\" data-e-type=\"widget\" data-widget_type=\"text-editor.default\">\n\t\t\t\t<div class=\"elementor-widget-container\">\n\t\t\t\t\t\t\t\t\t<p>Tuineje es conocida por sus tradiciones agr\u00edcolas y sus bellos paisajes. Aqu\u00ed se respira la aut\u00e9ntica vida de Fuerteventura, sobre todo en lugares como Gran Tarajal, conocido por su encantador puerto y sus tranquilas playas. El municipio es tambi\u00e9n escenario de acontecimientos hist\u00f3ricos, como la Batalla de Tamasite, que se celebra anualmente.<\/p>\t\t\t\t\t\t\t\t<\/div>\n\t\t\t\t<\/div>\n\t\t\t\t<\/div>\n\t\t\t\t\t<\/div>\n\t\t\t\t<\/div>\n\t\t\t\t<section class=\"elementor-section elementor-top-section elementor-element elementor-element-df3cae5 elementor-section-boxed elementor-section-height-default elementor-section-height-default\" data-id=\"df3cae5\" data-element_type=\"section\" data-e-type=\"section\" data-settings=\"{&quot;jet_parallax_layout_list&quot;:[{&quot;jet_parallax_layout_image&quot;:{&quot;url&quot;:&quot;&quot;,&quot;id&quot;:&quot;&quot;,&quot;size&quot;:&quot;&quot;},&quot;_id&quot;:&quot;431fff4&quot;,&quot;jet_parallax_layout_speed&quot;:{&quot;unit&quot;:&quot;%&quot;,&quot;size&quot;:50,&quot;sizes&quot;:[]},&quot;jet_parallax_layout_image_tablet&quot;:{&quot;url&quot;:&quot;&quot;,&quot;id&quot;:&quot;&quot;,&quot;size&quot;:&quot;&quot;},&quot;jet_parallax_layout_image_mobile&quot;:{&quot;url&quot;:&quot;&quot;,&quot;id&quot;:&quot;&quot;,&quot;size&quot;:&quot;&quot;},&quot;jet_parallax_layout_type&quot;:&quot;scroll&quot;,&quot;jet_parallax_layout_direction&quot;:&quot;1&quot;,&quot;jet_parallax_layout_fx_direction&quot;:null,&quot;jet_parallax_layout_z_index&quot;:&quot;&quot;,&quot;jet_parallax_layout_bg_x&quot;:50,&quot;jet_parallax_layout_bg_x_tablet&quot;:&quot;&quot;,&quot;jet_parallax_layout_bg_x_mobile&quot;:&quot;&quot;,&quot;jet_parallax_layout_bg_y&quot;:50,&quot;jet_parallax_layout_bg_y_tablet&quot;:&quot;&quot;,&quot;jet_parallax_layout_bg_y_mobile&quot;:&quot;&quot;,&quot;jet_parallax_layout_bg_size&quot;:&quot;auto&quot;,&quot;jet_parallax_layout_bg_size_tablet&quot;:&quot;&quot;,&quot;jet_parallax_layout_bg_size_mobile&quot;:&quot;&quot;,&quot;jet_parallax_layout_animation_prop&quot;:&quot;transform&quot;,&quot;jet_parallax_layout_on&quot;:[&quot;desktop&quot;,&quot;tablet&quot;]}],&quot;background_background&quot;:&quot;classic&quot;,&quot;shape_divider_top&quot;:&quot;mountains&quot;}\">\n\t\t\t\t\t<div class=\"elementor-shape elementor-shape-top\" aria-hidden=\"true\" data-negative=\"false\">\n\t\t\t<svg xmlns=\"http:\/\/www.w3.org\/2000\/svg\" viewbox=\"0 0 1000 100\" preserveaspectratio=\"none\">\n\t<path class=\"elementor-shape-fill\" opacity=\"0.33\" d=\"M473,67.3c-203.9,88.3-263.1-34-320.3,0C66,119.1,0,59.7,0,59.7V0h1000v59.7 c0,0-62.1,26.1-94.9,29.3c-32.8,3.3-62.8-12.3-75.8-22.1C806,49.6,745.3,8.7,694.9,4.7S492.4,59,473,67.3z\"\/>\n\t<path class=\"elementor-shape-fill\" opacity=\"0.66\" d=\"M734,67.3c-45.5,0-77.2-23.2-129.1-39.1c-28.6-8.7-150.3-10.1-254,39.1 s-91.7-34.4-149.2,0C115.7,118.3,0,39.8,0,39.8V0h1000v36.5c0,0-28.2-18.5-92.1-18.5C810.2,18.1,775.7,67.3,734,67.3z\"\/>\n\t<path class=\"elementor-shape-fill\" d=\"M766.1,28.9c-200-57.5-266,65.5-395.1,19.5C242,1.8,242,5.4,184.8,20.6C128,35.8,132.3,44.9,89.9,52.5C28.6,63.7,0,0,0,0 h1000c0,0-9.9,40.9-83.6,48.1S829.6,47,766.1,28.9z\"\/>\n<\/svg>\t\t<\/div>\n\t\t\t\t\t<div class=\"elementor-container elementor-column-gap-no\">\n\t\t\t\t\t<div class=\"elementor-column elementor-col-100 elementor-top-column elementor-element elementor-element-88cf15b\" data-id=\"88cf15b\" data-element_type=\"column\" data-e-type=\"column\">\n\t\t\t<div class=\"elementor-widget-wrap elementor-element-populated\">\n\t\t\t\t\t\t<div class=\"elementor-element elementor-element-1c1e8b8 elementor-mobile-align-start elementor-icon-list--layout-traditional elementor-list-item-link-full_width elementor-widget elementor-widget-icon-list\" data-id=\"1c1e8b8\" data-element_type=\"widget\" data-e-type=\"widget\" data-widget_type=\"icon-list.default\">\n\t\t\t\t<div class=\"elementor-widget-container\">\n\t\t\t\t\t\t\t<ul class=\"elementor-icon-list-items\">\n\t\t\t\t\t\t\t<li class=\"elementor-icon-list-item\">\n\t\t\t\t\t\t\t\t\t\t\t<span class=\"elementor-icon-list-icon\">\n\t\t\t\t\t\t\t<svg aria-hidden=\"true\" class=\"e-font-icon-svg e-fas-angle-double-down\" viewbox=\"0 0 320 512\" xmlns=\"http:\/\/www.w3.org\/2000\/svg\"><path d=\"M143 256.3L7 120.3c-9.4-9.4-9.4-24.6 0-33.9l22.6-22.6c9.4-9.4 24.6-9.4 33.9 0l96.4 96.4 96.4-96.4c9.4-9.4 24.6-9.4 33.9 0L313 86.3c9.4 9.4 9.4 24.6 0 33.9l-136 136c-9.4 9.5-24.6 9.5-34 .1zm34 192l136-136c9.4-9.4 9.4-24.6 0-33.9l-22.6-22.6c-9.4-9.4-24.6-9.4-33.9 0L160 352.1l-96.4-96.4c-9.4-9.4-24.6-9.4-33.9 0L7 278.3c-9.4 9.4-9.4 24.6 0 33.9l136 136c9.4 9.5 24.6 9.5 34 .1z\"><\/path><\/svg>\t\t\t\t\t\t<\/span>\n\t\t\t\t\t\t\t\t\t\t<span class=\"elementor-icon-list-text\">descubrir m\u00e1s<\/span>\n\t\t\t\t\t\t\t\t\t<\/li>\n\t\t\t\t\t\t<\/ul>\n\t\t\t\t\t\t<\/div>\n\t\t\t\t<\/div>\n\t\t\t\t<div class=\"elementor-element elementor-element-efd3dd9 elementor-widget elementor-widget-heading\" data-id=\"efd3dd9\" data-element_type=\"widget\" data-e-type=\"widget\" data-widget_type=\"heading.default\">\n\t\t\t\t<div class=\"elementor-widget-container\">\n\t\t\t\t\t<h2 class=\"elementor-heading-title elementor-size-default\">Fuerteventura en todas sus facetas<\/h2>\t\t\t\t<\/div>\n\t\t\t\t<\/div>\n\t\t\t\t\t<\/div>\n\t\t<\/div>\n\t\t\t\t\t<\/div>\n\t\t<\/section>\n\t\t<div class=\"elementor-element elementor-element-3b1730a e-grid e-con-full e-con e-child\" data-id=\"3b1730a\" data-element_type=\"container\" data-e-type=\"container\" data-settings=\"{&quot;jet_parallax_layout_list&quot;:[],&quot;background_background&quot;:&quot;classic&quot;,&quot;shape_divider_bottom&quot;:&quot;opacity-tilt&quot;}\">\n\t\t\t\t<div class=\"elementor-shape elementor-shape-bottom\" aria-hidden=\"true\" data-negative=\"false\">\n\t\t\t<svg xmlns=\"http:\/\/www.w3.org\/2000\/svg\" viewbox=\"0 0 2600 131.1\" preserveaspectratio=\"none\">\n\t<path class=\"elementor-shape-fill\" d=\"M0 0L2600 0 2600 69.1 0 0z\"\/>\n\t<path class=\"elementor-shape-fill\" style=\"opacity:0.5\" d=\"M0 0L2600 0 2600 69.1 0 69.1z\"\/>\n\t<path class=\"elementor-shape-fill\" style=\"opacity:0.25\" d=\"M2600 0L0 0 0 130.1 2600 69.1z\"\/>\n<\/svg>\t\t<\/div>\n\t\t<div class=\"elementor-element elementor-element-429cc59 e-con-full e-flex e-con e-child\" data-id=\"429cc59\" data-element_type=\"container\" data-e-type=\"container\" data-settings=\"{&quot;jet_parallax_layout_list&quot;:[],&quot;animation_mobile&quot;:&quot;none&quot;}\">\n\t\t\t\t<div class=\"elementor-element elementor-element-36bff6e elementor-widget elementor-widget-image\" data-id=\"36bff6e\" data-element_type=\"widget\" data-e-type=\"widget\" data-widget_type=\"image.default\">\n\t\t\t\t<div class=\"elementor-widget-container\">\n\t\t\t\t\t\t\t\t\t\t\t\t\t\t\t\t<a href=\"https:\/\/vive-fuerteventura.com\/es\/straende-und-naturpools\/\">\n\t\t\t\t\t\t\t<img fetchpriority=\"high\" decoding=\"async\" width=\"500\" height=\"500\" src=\"https:\/\/vive-fuerteventura.com\/wp-content\/uploads\/2025\/04\/VIVE_Pictures_2025-04-03\/iStock-2187026624butihondo_result-500x500.webp\" class=\"attachment-Image Size 500x500 size-Image Size 500x500 wp-image-12820\" alt=\"\" srcset=\"https:\/\/vive-fuerteventura.com\/wp-content\/uploads\/2025\/04\/VIVE_Pictures_2025-04-03\/iStock-2187026624butihondo_result-500x500.webp 500w, https:\/\/vive-fuerteventura.com\/wp-content\/uploads\/2025\/04\/VIVE_Pictures_2025-04-03\/iStock-2187026624butihondo_result-150x150.webp 150w\" sizes=\"(max-width: 500px) 100vw, 500px\" \/>\t\t\t\t\t\t\t\t<\/a>\n\t\t\t\t\t\t\t\t\t\t\t\t\t\t\t<\/div>\n\t\t\t\t<\/div>\n\t\t\t\t<div class=\"elementor-element elementor-element-c419ddf elementor-align-justify elementor-widget elementor-widget-button\" data-id=\"c419ddf\" data-element_type=\"widget\" data-e-type=\"widget\" data-settings=\"{&quot;_animation_mobile&quot;:&quot;none&quot;}\" data-widget_type=\"button.default\">\n\t\t\t\t<div class=\"elementor-widget-container\">\n\t\t\t\t\t\t\t\t\t<div class=\"elementor-button-wrapper\">\n\t\t\t\t\t<a class=\"elementor-button elementor-button-link elementor-size-sm\" href=\"https:\/\/vive-fuerteventura.com\/es\/straende-und-naturpools\/\">\n\t\t\t\t\t\t<span class=\"elementor-button-content-wrapper\">\n\t\t\t\t\t\t\t\t\t<span class=\"elementor-button-text\">Playas<\/span>\n\t\t\t\t\t<\/span>\n\t\t\t\t\t<\/a>\n\t\t\t\t<\/div>\n\t\t\t\t\t\t\t\t<\/div>\n\t\t\t\t<\/div>\n\t\t\t\t<\/div>\n\t\t<div class=\"elementor-element elementor-element-1abddec e-con-full e-flex e-con e-child\" data-id=\"1abddec\" data-element_type=\"container\" data-e-type=\"container\" data-settings=\"{&quot;jet_parallax_layout_list&quot;:[],&quot;animation_mobile&quot;:&quot;none&quot;}\">\n\t\t\t\t<div class=\"elementor-element elementor-element-4fad024 elementor-widget elementor-widget-image\" data-id=\"4fad024\" data-element_type=\"widget\" data-e-type=\"widget\" data-settings=\"{&quot;_animation_mobile&quot;:&quot;none&quot;}\" data-widget_type=\"image.default\">\n\t\t\t\t<div class=\"elementor-widget-container\">\n\t\t\t\t\t\t\t\t\t\t\t\t\t\t\t\t<a href=\"https:\/\/vive-fuerteventura.com\/es\/staedte-doerfer\/\">\n\t\t\t\t\t\t\t<img decoding=\"async\" width=\"500\" height=\"500\" src=\"https:\/\/vive-fuerteventura.com\/wp-content\/uploads\/2024\/11\/VIVE-Fuerteventura_Towns-Villages-Corralejo_500x500px-500x500.jpg\" class=\"attachment-Image Size 500x500 size-Image Size 500x500 wp-image-1922\" alt=\"\" srcset=\"https:\/\/vive-fuerteventura.com\/wp-content\/uploads\/2024\/11\/VIVE-Fuerteventura_Towns-Villages-Corralejo_500x500px-500x500.jpg 500w, https:\/\/vive-fuerteventura.com\/wp-content\/uploads\/2024\/11\/VIVE-Fuerteventura_Towns-Villages-Corralejo_500x500px-e1733531481182-150x150.jpg 150w\" sizes=\"(max-width: 500px) 100vw, 500px\" \/>\t\t\t\t\t\t\t\t<\/a>\n\t\t\t\t\t\t\t\t\t\t\t\t\t\t\t<\/div>\n\t\t\t\t<\/div>\n\t\t\t\t<div class=\"elementor-element elementor-element-9490ed7 elementor-align-justify elementor-widget elementor-widget-button\" data-id=\"9490ed7\" data-element_type=\"widget\" data-e-type=\"widget\" data-settings=\"{&quot;_animation_mobile&quot;:&quot;none&quot;}\" data-widget_type=\"button.default\">\n\t\t\t\t<div class=\"elementor-widget-container\">\n\t\t\t\t\t\t\t\t\t<div class=\"elementor-button-wrapper\">\n\t\t\t\t\t<a class=\"elementor-button elementor-button-link elementor-size-sm\" href=\"https:\/\/vive-fuerteventura.com\/es\/staedte-doerfer\/\">\n\t\t\t\t\t\t<span class=\"elementor-button-content-wrapper\">\n\t\t\t\t\t\t\t\t\t<span class=\"elementor-button-text\">Lugares<\/span>\n\t\t\t\t\t<\/span>\n\t\t\t\t\t<\/a>\n\t\t\t\t<\/div>\n\t\t\t\t\t\t\t\t<\/div>\n\t\t\t\t<\/div>\n\t\t\t\t<\/div>\n\t\t<div class=\"elementor-element elementor-element-261ac93 e-con-full e-flex e-con e-child\" data-id=\"261ac93\" data-element_type=\"container\" data-e-type=\"container\" data-settings=\"{&quot;jet_parallax_layout_list&quot;:[],&quot;animation_mobile&quot;:&quot;none&quot;}\">\n\t\t\t\t<div class=\"elementor-element elementor-element-76a4be4 elementor-widget elementor-widget-image\" data-id=\"76a4be4\" data-element_type=\"widget\" data-e-type=\"widget\" data-settings=\"{&quot;_animation_mobile&quot;:&quot;none&quot;}\" data-widget_type=\"image.default\">\n\t\t\t\t<div class=\"elementor-widget-container\">\n\t\t\t\t\t\t\t\t\t\t\t\t\t\t\t\t<a href=\"https:\/\/vive-fuerteventura.com\/es\/sehenswuerdigkeiten-aussichtspunkte\/\">\n\t\t\t\t\t\t\t<img decoding=\"async\" width=\"500\" height=\"500\" src=\"https:\/\/vive-fuerteventura.com\/wp-content\/uploads\/2025\/04\/VIVE_Pictures_2025-04-03\/iStock-1086925226roque del moro_result-500x500.webp\" class=\"attachment-Image Size 500x500 size-Image Size 500x500 wp-image-12335\" alt=\"\" srcset=\"\" sizes=\"(max-width: 500px) 100vw, 500px\" data-srcset=\"\" \/>\t\t\t\t\t\t\t\t<\/a>\n\t\t\t\t\t\t\t\t\t\t\t\t\t\t\t<\/div>\n\t\t\t\t<\/div>\n\t\t\t\t<div class=\"elementor-element elementor-element-f581d9b elementor-align-justify elementor-widget elementor-widget-button\" data-id=\"f581d9b\" data-element_type=\"widget\" data-e-type=\"widget\" data-settings=\"{&quot;_animation_mobile&quot;:&quot;none&quot;}\" data-widget_type=\"button.default\">\n\t\t\t\t<div class=\"elementor-widget-container\">\n\t\t\t\t\t\t\t\t\t<div class=\"elementor-button-wrapper\">\n\t\t\t\t\t<a class=\"elementor-button elementor-button-link elementor-size-sm\" href=\"https:\/\/vive-fuerteventura.com\/es\/sehenswuerdigkeiten-aussichtspunkte\/\">\n\t\t\t\t\t\t<span class=\"elementor-button-content-wrapper\">\n\t\t\t\t\t\t\t\t\t<span class=\"elementor-button-text\">Visitas<\/span>\n\t\t\t\t\t<\/span>\n\t\t\t\t\t<\/a>\n\t\t\t\t<\/div>\n\t\t\t\t\t\t\t\t<\/div>\n\t\t\t\t<\/div>\n\t\t\t\t<\/div>\n\t\t<div class=\"elementor-element elementor-element-9e00713 e-con-full e-flex e-con e-child\" data-id=\"9e00713\" data-element_type=\"container\" data-e-type=\"container\" data-settings=\"{&quot;jet_parallax_layout_list&quot;:[],&quot;animation_mobile&quot;:&quot;none&quot;}\">\n\t\t\t\t<div class=\"elementor-element elementor-element-b619264 elementor-widget elementor-widget-image\" data-id=\"b619264\" data-element_type=\"widget\" data-e-type=\"widget\" data-settings=\"{&quot;_animation_mobile&quot;:&quot;none&quot;}\" data-widget_type=\"image.default\">\n\t\t\t\t<div class=\"elementor-widget-container\">\n\t\t\t\t\t\t\t\t\t\t\t\t\t\t\t\t<a href=\"https:\/\/vive-fuerteventura.com\/es\/wanderwege\/\">\n\t\t\t\t\t\t\t<img loading=\"lazy\" decoding=\"async\" width=\"500\" height=\"500\" src=\"https:\/\/vive-fuerteventura.com\/wp-content\/uploads\/2024\/10\/VIVE-Fuerteventura-Activities-Hiking_500x500px.jpg\" class=\"attachment-Image Size 500x500 size-Image Size 500x500 wp-image-697\" alt=\"\" srcset=\"https:\/\/vive-fuerteventura.com\/wp-content\/uploads\/2024\/10\/VIVE-Fuerteventura-Activities-Hiking_500x500px.jpg 500w, https:\/\/vive-fuerteventura.com\/wp-content\/uploads\/2024\/10\/VIVE-Fuerteventura-Activities-Hiking_500x500px-300x300.jpg 300w, https:\/\/vive-fuerteventura.com\/wp-content\/uploads\/2024\/10\/VIVE-Fuerteventura-Activities-Hiking_500x500px-150x150.jpg 150w\" sizes=\"(max-width: 500px) 100vw, 500px\" \/>\t\t\t\t\t\t\t\t<\/a>\n\t\t\t\t\t\t\t\t\t\t\t\t\t\t\t<\/div>\n\t\t\t\t<\/div>\n\t\t\t\t<div class=\"elementor-element elementor-element-c12993b elementor-align-justify elementor-widget elementor-widget-button\" data-id=\"c12993b\" data-element_type=\"widget\" data-e-type=\"widget\" data-settings=\"{&quot;_animation_mobile&quot;:&quot;none&quot;}\" data-widget_type=\"button.default\">\n\t\t\t\t<div class=\"elementor-widget-container\">\n\t\t\t\t\t\t\t\t\t<div class=\"elementor-button-wrapper\">\n\t\t\t\t\t<a class=\"elementor-button elementor-button-link elementor-size-sm\" href=\"https:\/\/vive-fuerteventura.com\/es\/wanderwege\/\">\n\t\t\t\t\t\t<span class=\"elementor-button-content-wrapper\">\n\t\t\t\t\t\t\t\t\t<span class=\"elementor-button-text\">Senderismo<\/span>\n\t\t\t\t\t<\/span>\n\t\t\t\t\t<\/a>\n\t\t\t\t<\/div>\n\t\t\t\t\t\t\t\t<\/div>\n\t\t\t\t<\/div>\n\t\t\t\t<\/div>\n\t\t<div class=\"elementor-element elementor-element-4597350 e-con-full e-flex e-con e-child\" data-id=\"4597350\" data-element_type=\"container\" data-e-type=\"container\" data-settings=\"{&quot;jet_parallax_layout_list&quot;:[],&quot;animation_mobile&quot;:&quot;none&quot;}\">\n\t\t\t\t<div class=\"elementor-element elementor-element-eb78ace elementor-widget elementor-widget-image\" data-id=\"eb78ace\" data-element_type=\"widget\" data-e-type=\"widget\" data-settings=\"{&quot;_animation_mobile&quot;:&quot;none&quot;}\" data-widget_type=\"image.default\">\n\t\t\t\t<div class=\"elementor-widget-container\">\n\t\t\t\t\t\t\t\t\t\t\t\t\t\t\t\t<a href=\"https:\/\/vive-fuerteventura.com\/es\/maerkte\/\">\n\t\t\t\t\t\t\t<img loading=\"lazy\" decoding=\"async\" width=\"500\" height=\"500\" src=\"https:\/\/vive-fuerteventura.com\/wp-content\/uploads\/2024\/10\/VIVE-Fuerteventura-Markets-Categories_500x500px.jpg\" class=\"attachment-Image Size 500x500 size-Image Size 500x500 wp-image-741\" alt=\"\" srcset=\"https:\/\/vive-fuerteventura.com\/wp-content\/uploads\/2024\/10\/VIVE-Fuerteventura-Markets-Categories_500x500px.jpg 500w, https:\/\/vive-fuerteventura.com\/wp-content\/uploads\/2024\/10\/VIVE-Fuerteventura-Markets-Categories_500x500px-300x300.jpg 300w, https:\/\/vive-fuerteventura.com\/wp-content\/uploads\/2024\/10\/VIVE-Fuerteventura-Markets-Categories_500x500px-150x150.jpg 150w\" sizes=\"(max-width: 500px) 100vw, 500px\" \/>\t\t\t\t\t\t\t\t<\/a>\n\t\t\t\t\t\t\t\t\t\t\t\t\t\t\t<\/div>\n\t\t\t\t<\/div>\n\t\t\t\t<div class=\"elementor-element elementor-element-2052aba elementor-align-justify elementor-widget elementor-widget-button\" data-id=\"2052aba\" data-element_type=\"widget\" data-e-type=\"widget\" data-settings=\"{&quot;_animation_mobile&quot;:&quot;none&quot;}\" data-widget_type=\"button.default\">\n\t\t\t\t<div class=\"elementor-widget-container\">\n\t\t\t\t\t\t\t\t\t<div class=\"elementor-button-wrapper\">\n\t\t\t\t\t<a class=\"elementor-button elementor-button-link elementor-size-sm\" href=\"https:\/\/vive-fuerteventura.com\/es\/maerkte\/\">\n\t\t\t\t\t\t<span class=\"elementor-button-content-wrapper\">\n\t\t\t\t\t\t\t\t\t<span class=\"elementor-button-text\">Mercados<\/span>\n\t\t\t\t\t<\/span>\n\t\t\t\t\t<\/a>\n\t\t\t\t<\/div>\n\t\t\t\t\t\t\t\t<\/div>\n\t\t\t\t<\/div>\n\t\t\t\t<\/div>\n\t\t<div class=\"elementor-element elementor-element-eb10cbb e-con-full e-flex e-con e-child\" data-id=\"eb10cbb\" data-element_type=\"container\" data-e-type=\"container\" data-settings=\"{&quot;jet_parallax_layout_list&quot;:[],&quot;animation_mobile&quot;:&quot;none&quot;}\">\n\t\t\t\t<div class=\"elementor-element elementor-element-edd5174 elementor-widget elementor-widget-image\" data-id=\"edd5174\" data-element_type=\"widget\" data-e-type=\"widget\" data-settings=\"{&quot;_animation_mobile&quot;:&quot;none&quot;}\" data-widget_type=\"image.default\">\n\t\t\t\t<div class=\"elementor-widget-container\">\n\t\t\t\t\t\t\t\t\t\t\t\t\t\t\t\t<a href=\"https:\/\/vive-fuerteventura.com\/es\/museen\/\">\n\t\t\t\t\t\t\t<img loading=\"lazy\" decoding=\"async\" width=\"500\" height=\"500\" src=\"https:\/\/vive-fuerteventura.com\/wp-content\/uploads\/2025\/04\/VIVE_Pictures_2025-04-03\/iStock-2148484773museo_result-500x500.webp\" class=\"attachment-Image Size 500x500 size-Image Size 500x500 wp-image-12752\" alt=\"\" srcset=\"https:\/\/vive-fuerteventura.com\/wp-content\/uploads\/2025\/04\/VIVE_Pictures_2025-04-03\/iStock-2148484773museo_result-500x500.webp 500w, https:\/\/vive-fuerteventura.com\/wp-content\/uploads\/2025\/04\/VIVE_Pictures_2025-04-03\/iStock-2148484773museo_result-150x150.webp 150w\" sizes=\"(max-width: 500px) 100vw, 500px\" \/>\t\t\t\t\t\t\t\t<\/a>\n\t\t\t\t\t\t\t\t\t\t\t\t\t\t\t<\/div>\n\t\t\t\t<\/div>\n\t\t\t\t<div class=\"elementor-element elementor-element-04ea044 elementor-align-justify elementor-widget elementor-widget-button\" data-id=\"04ea044\" data-element_type=\"widget\" data-e-type=\"widget\" data-settings=\"{&quot;_animation_mobile&quot;:&quot;none&quot;}\" data-widget_type=\"button.default\">\n\t\t\t\t<div class=\"elementor-widget-container\">\n\t\t\t\t\t\t\t\t\t<div class=\"elementor-button-wrapper\">\n\t\t\t\t\t<a class=\"elementor-button elementor-button-link elementor-size-sm\" href=\"https:\/\/vive-fuerteventura.com\/es\/museen\/\">\n\t\t\t\t\t\t<span class=\"elementor-button-content-wrapper\">\n\t\t\t\t\t\t\t\t\t<span class=\"elementor-button-text\">Museos<\/span>\n\t\t\t\t\t<\/span>\n\t\t\t\t\t<\/a>\n\t\t\t\t<\/div>\n\t\t\t\t\t\t\t\t<\/div>\n\t\t\t\t<\/div>\n\t\t\t\t<\/div>\n\t\t<div class=\"elementor-element elementor-element-ec12595 e-con-full e-flex e-con e-child\" data-id=\"ec12595\" data-element_type=\"container\" data-e-type=\"container\" data-settings=\"{&quot;jet_parallax_layout_list&quot;:[],&quot;animation_mobile&quot;:&quot;none&quot;}\">\n\t\t\t\t<div class=\"elementor-element elementor-element-3371303 elementor-widget elementor-widget-image\" data-id=\"3371303\" data-element_type=\"widget\" data-e-type=\"widget\" data-settings=\"{&quot;_animation_mobile&quot;:&quot;none&quot;}\" data-widget_type=\"image.default\">\n\t\t\t\t<div class=\"elementor-widget-container\">\n\t\t\t\t\t\t\t\t\t\t\t\t\t\t\t\t<a href=\"https:\/\/vive-fuerteventura.com\/es\/surf-spots\/\">\n\t\t\t\t\t\t\t<img loading=\"lazy\" decoding=\"async\" width=\"500\" height=\"500\" src=\"https:\/\/vive-fuerteventura.com\/wp-content\/uploads\/2024\/10\/VIVE-Fuerteventura-Activities-Surfing_500x500px.jpg\" class=\"attachment-Image Size 500x500 size-Image Size 500x500 wp-image-12269\" alt=\"\" srcset=\"https:\/\/vive-fuerteventura.com\/wp-content\/uploads\/2024\/10\/VIVE-Fuerteventura-Activities-Surfing_500x500px.jpg 500w, https:\/\/vive-fuerteventura.com\/wp-content\/uploads\/2024\/10\/VIVE-Fuerteventura-Activities-Surfing_500x500px-300x300.jpg 300w, https:\/\/vive-fuerteventura.com\/wp-content\/uploads\/2024\/10\/VIVE-Fuerteventura-Activities-Surfing_500x500px-150x150.jpg 150w\" sizes=\"(max-width: 500px) 100vw, 500px\" \/>\t\t\t\t\t\t\t\t<\/a>\n\t\t\t\t\t\t\t\t\t\t\t\t\t\t\t<\/div>\n\t\t\t\t<\/div>\n\t\t\t\t<div class=\"elementor-element elementor-element-1880741 elementor-align-justify elementor-widget elementor-widget-button\" data-id=\"1880741\" data-element_type=\"widget\" data-e-type=\"widget\" data-settings=\"{&quot;_animation_mobile&quot;:&quot;none&quot;}\" data-widget_type=\"button.default\">\n\t\t\t\t<div class=\"elementor-widget-container\">\n\t\t\t\t\t\t\t\t\t<div class=\"elementor-button-wrapper\">\n\t\t\t\t\t<a class=\"elementor-button elementor-button-link elementor-size-sm\" href=\"https:\/\/vive-fuerteventura.com\/es\/surf-spots\/\">\n\t\t\t\t\t\t<span class=\"elementor-button-content-wrapper\">\n\t\t\t\t\t\t\t\t\t<span class=\"elementor-button-text\">Lugares de Surf<\/span>\n\t\t\t\t\t<\/span>\n\t\t\t\t\t<\/a>\n\t\t\t\t<\/div>\n\t\t\t\t\t\t\t\t<\/div>\n\t\t\t\t<\/div>\n\t\t\t\t<\/div>\n\t\t<div class=\"elementor-element elementor-element-671ca57 e-con-full e-flex e-con e-child\" data-id=\"671ca57\" data-element_type=\"container\" data-e-type=\"container\" data-settings=\"{&quot;jet_parallax_layout_list&quot;:[],&quot;animation_mobile&quot;:&quot;none&quot;}\">\n\t\t\t\t<div class=\"elementor-element elementor-element-ff590bb elementor-widget elementor-widget-image\" data-id=\"ff590bb\" data-element_type=\"widget\" data-e-type=\"widget\" data-settings=\"{&quot;_animation_mobile&quot;:&quot;none&quot;}\" data-widget_type=\"image.default\">\n\t\t\t\t<div class=\"elementor-widget-container\">\n\t\t\t\t\t\t\t\t\t\t\t\t\t\t\t\t<a href=\"https:\/\/vive-fuerteventura.com\/es\/eventkalender\/\">\n\t\t\t\t\t\t\t<img loading=\"lazy\" decoding=\"async\" width=\"500\" height=\"500\" src=\"https:\/\/vive-fuerteventura.com\/wp-content\/uploads\/2025\/04\/VIVE_Pictures_2025-04-03\/Grandes Playas Kitefest 2grandes playas_result-500x500.webp\" class=\"attachment-Image Size 500x500 size-Image Size 500x500 wp-image-11743\" alt=\"\" srcset=\"\" sizes=\"(max-width: 500px) 100vw, 500px\" data-srcset=\"\" \/>\t\t\t\t\t\t\t\t<\/a>\n\t\t\t\t\t\t\t\t\t\t\t\t\t\t\t<\/div>\n\t\t\t\t<\/div>\n\t\t\t\t<div class=\"elementor-element elementor-element-d5e6b82 elementor-align-justify elementor-widget elementor-widget-button\" data-id=\"d5e6b82\" data-element_type=\"widget\" data-e-type=\"widget\" data-settings=\"{&quot;_animation_mobile&quot;:&quot;none&quot;}\" data-widget_type=\"button.default\">\n\t\t\t\t<div class=\"elementor-widget-container\">\n\t\t\t\t\t\t\t\t\t<div class=\"elementor-button-wrapper\">\n\t\t\t\t\t<a class=\"elementor-button elementor-button-link elementor-size-sm\" href=\"https:\/\/vive-fuerteventura.com\/es\/eventkalender\/\">\n\t\t\t\t\t\t<span class=\"elementor-button-content-wrapper\">\n\t\t\t\t\t\t\t\t\t<span class=\"elementor-button-text\">Eventos<\/span>\n\t\t\t\t\t<\/span>\n\t\t\t\t\t<\/a>\n\t\t\t\t<\/div>\n\t\t\t\t\t\t\t\t<\/div>\n\t\t\t\t<\/div>\n\t\t\t\t<\/div>\n\t\t\t\t<\/div>\n\t\t\t\t<section class=\"elementor-section elementor-top-section elementor-element elementor-element-f1cddba elementor-section-boxed elementor-section-height-default elementor-section-height-default\" data-id=\"f1cddba\" data-element_type=\"section\" data-e-type=\"section\" data-settings=\"{&quot;jet_parallax_layout_list&quot;:[{&quot;jet_parallax_layout_image&quot;:{&quot;url&quot;:&quot;&quot;,&quot;id&quot;:&quot;&quot;,&quot;size&quot;:&quot;&quot;},&quot;_id&quot;:&quot;431fff4&quot;,&quot;jet_parallax_layout_speed&quot;:{&quot;unit&quot;:&quot;%&quot;,&quot;size&quot;:50,&quot;sizes&quot;:[]},&quot;jet_parallax_layout_image_tablet&quot;:{&quot;url&quot;:&quot;&quot;,&quot;id&quot;:&quot;&quot;,&quot;size&quot;:&quot;&quot;},&quot;jet_parallax_layout_image_mobile&quot;:{&quot;url&quot;:&quot;&quot;,&quot;id&quot;:&quot;&quot;,&quot;size&quot;:&quot;&quot;},&quot;jet_parallax_layout_type&quot;:&quot;scroll&quot;,&quot;jet_parallax_layout_direction&quot;:&quot;1&quot;,&quot;jet_parallax_layout_fx_direction&quot;:null,&quot;jet_parallax_layout_z_index&quot;:&quot;&quot;,&quot;jet_parallax_layout_bg_x&quot;:50,&quot;jet_parallax_layout_bg_x_tablet&quot;:&quot;&quot;,&quot;jet_parallax_layout_bg_x_mobile&quot;:&quot;&quot;,&quot;jet_parallax_layout_bg_y&quot;:50,&quot;jet_parallax_layout_bg_y_tablet&quot;:&quot;&quot;,&quot;jet_parallax_layout_bg_y_mobile&quot;:&quot;&quot;,&quot;jet_parallax_layout_bg_size&quot;:&quot;auto&quot;,&quot;jet_parallax_layout_bg_size_tablet&quot;:&quot;&quot;,&quot;jet_parallax_layout_bg_size_mobile&quot;:&quot;&quot;,&quot;jet_parallax_layout_animation_prop&quot;:&quot;transform&quot;,&quot;jet_parallax_layout_on&quot;:[&quot;desktop&quot;,&quot;tablet&quot;]}],&quot;background_background&quot;:&quot;classic&quot;}\">\n\t\t\t\t\t\t<div class=\"elementor-container elementor-column-gap-no\">\n\t\t\t\t\t<div class=\"elementor-column elementor-col-100 elementor-top-column elementor-element elementor-element-92e7fd7\" data-id=\"92e7fd7\" data-element_type=\"column\" data-e-type=\"column\">\n\t\t\t<div class=\"elementor-widget-wrap elementor-element-populated\">\n\t\t\t\t\t\t<div class=\"elementor-element elementor-element-70a515c elementor-icon-list--layout-traditional elementor-list-item-link-full_width elementor-widget elementor-widget-icon-list\" data-id=\"70a515c\" data-element_type=\"widget\" data-e-type=\"widget\" data-settings=\"{&quot;_animation_mobile&quot;:&quot;slideInLeft&quot;}\" data-widget_type=\"icon-list.default\">\n\t\t\t\t<div class=\"elementor-widget-container\">\n\t\t\t\t\t\t\t<ul class=\"elementor-icon-list-items\">\n\t\t\t\t\t\t\t<li class=\"elementor-icon-list-item\">\n\t\t\t\t\t\t\t\t\t\t\t<span class=\"elementor-icon-list-icon\">\n\t\t\t\t\t\t\t<svg aria-hidden=\"true\" class=\"e-font-icon-svg e-fas-angle-double-down\" viewbox=\"0 0 320 512\" xmlns=\"http:\/\/www.w3.org\/2000\/svg\"><path d=\"M143 256.3L7 120.3c-9.4-9.4-9.4-24.6 0-33.9l22.6-22.6c9.4-9.4 24.6-9.4 33.9 0l96.4 96.4 96.4-96.4c9.4-9.4 24.6-9.4 33.9 0L313 86.3c9.4 9.4 9.4 24.6 0 33.9l-136 136c-9.4 9.5-24.6 9.5-34 .1zm34 192l136-136c9.4-9.4 9.4-24.6 0-33.9l-22.6-22.6c-9.4-9.4-24.6-9.4-33.9 0L160 352.1l-96.4-96.4c-9.4-9.4-24.6-9.4-33.9 0L7 278.3c-9.4 9.4-9.4 24.6 0 33.9l136 136c9.4 9.5 24.6 9.5 34 .1z\"><\/path><\/svg>\t\t\t\t\t\t<\/span>\n\t\t\t\t\t\t\t\t\t\t<span class=\"elementor-icon-list-text\">Blog y conocimiento de la isla<\/span>\n\t\t\t\t\t\t\t\t\t<\/li>\n\t\t\t\t\t\t<\/ul>\n\t\t\t\t\t\t<\/div>\n\t\t\t\t<\/div>\n\t\t\t\t<div class=\"elementor-element elementor-element-9accbf8 elementor-widget elementor-widget-heading\" data-id=\"9accbf8\" data-element_type=\"widget\" data-e-type=\"widget\" data-widget_type=\"heading.default\">\n\t\t\t\t<div class=\"elementor-widget-container\">\n\t\t\t\t\t<h2 class=\"elementor-heading-title elementor-size-default\">Art\u00edculos, impresiones y curiosidades<\/h2>\t\t\t\t<\/div>\n\t\t\t\t<\/div>\n\t\t\t\t<div class=\"elementor-element elementor-element-3f4f22f raven-button-align-justify raven-mobile-button-align-center aktivitaeten-karussell elementor-widget elementor-widget-raven-posts-carousel\" data-id=\"3f4f22f\" data-element_type=\"widget\" data-e-type=\"widget\" data-settings=\"{&quot;classic_enable_autoplay&quot;:&quot;yes&quot;,&quot;classic_autoplay_speed&quot;:5000,&quot;classic_columns_space_between&quot;:{&quot;unit&quot;:&quot;px&quot;,&quot;size&quot;:15,&quot;sizes&quot;:[]},&quot;_skin&quot;:&quot;classic&quot;,&quot;query_posts_per_page&quot;:10,&quot;classic_slides_view&quot;:&quot;3&quot;,&quot;classic_slides_view_tablet&quot;:&quot;2&quot;,&quot;classic_slides_view_mobile&quot;:&quot;1&quot;,&quot;classic_slides_scroll&quot;:&quot;1&quot;,&quot;classic_slides_scroll_tablet&quot;:&quot;1&quot;,&quot;classic_slides_scroll_mobile&quot;:&quot;1&quot;,&quot;classic_transition_speed&quot;:500,&quot;classic_enable_infinite_loop&quot;:&quot;yes&quot;,&quot;classic_show_arrows&quot;:&quot;yes&quot;,&quot;query_offset&quot;:0,&quot;classic_columns_space_between_tablet&quot;:{&quot;unit&quot;:&quot;px&quot;,&quot;size&quot;:20,&quot;sizes&quot;:[]},&quot;classic_columns_space_between_mobile&quot;:{&quot;unit&quot;:&quot;px&quot;,&quot;size&quot;:10,&quot;sizes&quot;:[]}}\" data-widget_type=\"raven-posts-carousel.classic\">\n\t\t\t\t<div class=\"elementor-widget-container\">\n\t\t\t\t\t\t\t<div class=\"raven-posts-carousel raven-swiper-slider\">\n\t\t\t<div class=\"raven-posts-carousel-swiper-container swiper\">\n\t\t\t\t<div class=\"swiper-wrapper swiper-columns-3\" data-swiper='{&quot;rtl&quot;:false}'>\n\t\t\n\t\t<div class=\"swiper-slide\">\n\t\t\t<div class=\"raven-post-wrapper\">\n\t\t\t\t<div class=\"raven-post\">\n\t\t\t\t\t\t\t<div class=\"raven-post-image-wrap\">\n\t\t\t<a class=\"raven-post-image raven-image-fit\"  href=\"https:\/\/vive-fuerteventura.com\/es\/eine-insel-voller-kontraste\/\"><img loading=\"lazy\" decoding=\"async\" width=\"1024\" height=\"683\" src=\"https:\/\/vive-fuerteventura.com\/wp-content\/uploads\/2025\/04\/VIVE_Pictures_2025-04-03\/hanna-E-unsplashfuerteventura general_result.webp\" class=\"attachment-large size-large wp-image-12312\" alt=\"\" srcset=\"https:\/\/vive-fuerteventura.com\/wp-content\/uploads\/2025\/04\/VIVE_Pictures_2025-04-03\/hanna-E-unsplashfuerteventura%20general_result.webp 4608w, https:\/\/vive-fuerteventura.com\/wp-content\/uploads\/2025\/04\/VIVE_Pictures_2025-04-03\/hanna-E-unsplashfuerteventura%20general_result-300x200.webp 300w, https:\/\/vive-fuerteventura.com\/wp-content\/uploads\/2025\/04\/VIVE_Pictures_2025-04-03\/hanna-E-unsplashfuerteventura%20general_result-1024x683.webp 1024w, https:\/\/vive-fuerteventura.com\/wp-content\/uploads\/2025\/04\/VIVE_Pictures_2025-04-03\/hanna-E-unsplashfuerteventura%20general_result-768x512.webp 768w, https:\/\/vive-fuerteventura.com\/wp-content\/uploads\/2025\/04\/VIVE_Pictures_2025-04-03\/hanna-E-unsplashfuerteventura%20general_result-1536x1024.webp 1536w, https:\/\/vive-fuerteventura.com\/wp-content\/uploads\/2025\/04\/VIVE_Pictures_2025-04-03\/hanna-E-unsplashfuerteventura%20general_result-2048x1365.webp 2048w\" sizes=\"(max-width: 1024px) 100vw, 1024px\" \/> <span class=\"raven-post-image-overlay\"><\/span><\/a>\t\t<\/div>\n\t\t\n\t\t\t\t\t<div class=\"raven-post-content\">\n\t\t\t\t\t\t<h3 class=\"raven-post-title\"><a class=\"raven-post-title-link\" href=\"https:\/\/vive-fuerteventura.com\/es\/eine-insel-voller-kontraste\/\">Una isla llena de contrastes<\/a><\/h3>\t\t<div class=\"raven-post-meta\"><span class=\"raven-post-meta-item raven-post-categories\"><a href=\"https:\/\/vive-fuerteventura.com\/es\/category\/wissenswertes\/\" rel=\"tag\">Merece la pena saberlo<\/a><\/span><\/div>\n\t\t<div class=\"raven-post-excerpt\">Fuerteventura est\u00e1 situada a unos 100 kil\u00f3metros al oeste de la costa marroqu\u00ed. La isla es conocida por sus interminables playas, su paisaje volc\u00e1nico y su clima suave y soleado, que atrae a turistas durante todo el a\u00f1o.<\/div>\t\t<div class=\"raven-post-read-more\">\n\t\t\t<a class=\"raven-post-button\" href=\"https:\/\/vive-fuerteventura.com\/es\/eine-insel-voller-kontraste\/\"><span class=\"raven-post-button-text\">al art\u00edculo<\/span><\/a>\n\t\t<\/div>\n\t\t\t\t\t\t\t<\/div>\n\t\t\t\t<\/div>\n\t\t\t<\/div>\n\t\t<\/div>\n\t\t\n\t\t<div class=\"swiper-slide\">\n\t\t\t<div class=\"raven-post-wrapper\">\n\t\t\t\t<div class=\"raven-post\">\n\t\t\t\t\t\t\t<div class=\"raven-post-image-wrap\">\n\t\t\t<a class=\"raven-post-image raven-image-fit\"  href=\"https:\/\/vive-fuerteventura.com\/es\/die-tierwelt-fuerteventuras\/\"><img loading=\"lazy\" decoding=\"async\" width=\"1024\" height=\"681\" src=\"https:\/\/vive-fuerteventura.com\/wp-content\/uploads\/2025\/04\/VIVE_Pictures_2025-04-03\/iStock-1249356790animal_result-1024x681.webp\" class=\"attachment-large size-large wp-image-12407\" alt=\"\" srcset=\"https:\/\/vive-fuerteventura.com\/wp-content\/uploads\/2025\/04\/VIVE_Pictures_2025-04-03\/iStock-1249356790animal_result-1024x681.webp 1024w, https:\/\/vive-fuerteventura.com\/wp-content\/uploads\/2025\/04\/VIVE_Pictures_2025-04-03\/iStock-1249356790animal_result-300x199.webp 300w, https:\/\/vive-fuerteventura.com\/wp-content\/uploads\/2025\/04\/VIVE_Pictures_2025-04-03\/iStock-1249356790animal_result-768x511.webp 768w, https:\/\/vive-fuerteventura.com\/wp-content\/uploads\/2025\/04\/VIVE_Pictures_2025-04-03\/iStock-1249356790animal_result-1536x1021.webp 1536w, https:\/\/vive-fuerteventura.com\/wp-content\/uploads\/2025\/04\/VIVE_Pictures_2025-04-03\/iStock-1249356790animal_result-2048x1362.webp 2048w\" sizes=\"(max-width: 1024px) 100vw, 1024px\" \/> <span class=\"raven-post-image-overlay\"><\/span><\/a>\t\t<\/div>\n\t\t\n\t\t\t\t\t<div class=\"raven-post-content\">\n\t\t\t\t\t\t<h3 class=\"raven-post-title\"><a class=\"raven-post-title-link\" href=\"https:\/\/vive-fuerteventura.com\/es\/die-tierwelt-fuerteventuras\/\">La fauna de Fuerteventura<\/a><\/h3>\t\t<div class=\"raven-post-meta\"><span class=\"raven-post-meta-item raven-post-categories\"><a href=\"https:\/\/vive-fuerteventura.com\/es\/category\/wissenswertes\/\" rel=\"tag\">Merece la pena saberlo<\/a><\/span><\/div>\n\t\t<div class=\"raven-post-excerpt\">A primera vista, Fuerteventura parece est\u00e9ril, pero si se mira m\u00e1s de cerca, descubrir\u00e1 una fauna sorprendentemente diversa que se ha adaptado a las hostiles condiciones: desde animales terrestres y aves hasta el rico mundo submarino.<\/div>\t\t<div class=\"raven-post-read-more\">\n\t\t\t<a class=\"raven-post-button\" href=\"https:\/\/vive-fuerteventura.com\/es\/die-tierwelt-fuerteventuras\/\"><span class=\"raven-post-button-text\">al art\u00edculo<\/span><\/a>\n\t\t<\/div>\n\t\t\t\t\t\t\t<\/div>\n\t\t\t\t<\/div>\n\t\t\t<\/div>\n\t\t<\/div>\n\t\t\n\t\t<div class=\"swiper-slide\">\n\t\t\t<div class=\"raven-post-wrapper\">\n\t\t\t\t<div class=\"raven-post\">\n\t\t\t\t\t\t\t<div class=\"raven-post-image-wrap\">\n\t\t\t<a class=\"raven-post-image raven-image-fit\"  href=\"https:\/\/vive-fuerteventura.com\/es\/die-5-schoensten-tagesrouten\/\"><img loading=\"lazy\" decoding=\"async\" width=\"555\" height=\"900\" src=\"https:\/\/vive-fuerteventura.com\/wp-content\/uploads\/2024\/10\/VIVE-Fuerteventura-Beaches-Playa-Cofete_Start-01_555x900px.jpg\" class=\"attachment-large size-large wp-image-1059\" alt=\"\" srcset=\"https:\/\/vive-fuerteventura.com\/wp-content\/uploads\/2024\/10\/VIVE-Fuerteventura-Beaches-Playa-Cofete_Start-01_555x900px.jpg 555w, https:\/\/vive-fuerteventura.com\/wp-content\/uploads\/2024\/10\/VIVE-Fuerteventura-Beaches-Playa-Cofete_Start-01_555x900px-185x300.jpg 185w\" sizes=\"(max-width: 555px) 100vw, 555px\" \/> <span class=\"raven-post-image-overlay\"><\/span><\/a>\t\t<\/div>\n\t\t\n\t\t\t\t\t<div class=\"raven-post-content\">\n\t\t\t\t\t\t<h3 class=\"raven-post-title\"><a class=\"raven-post-title-link\" href=\"https:\/\/vive-fuerteventura.com\/es\/die-5-schoensten-tagesrouten\/\">Las rutas m\u00e1s bellas del d\u00eda<\/a><\/h3>\t\t<div class=\"raven-post-meta\"><span class=\"raven-post-meta-item raven-post-categories\"><a href=\"https:\/\/vive-fuerteventura.com\/es\/category\/erlebnisse\/\" rel=\"tag\">Experiencias<\/a><\/span><\/div>\n\t\t<div class=\"raven-post-excerpt\">Viva Fuerteventura seg\u00fan sus preferencias y descubra las m\u00faltiples facetas de la isla en extraordinarias excursiones de un d\u00eda. No importa la ruta que elija, cada d\u00eda ser\u00e1 una experiencia inolvidable.<\/div>\t\t<div class=\"raven-post-read-more\">\n\t\t\t<a class=\"raven-post-button\" href=\"https:\/\/vive-fuerteventura.com\/es\/die-5-schoensten-tagesrouten\/\"><span class=\"raven-post-button-text\">al art\u00edculo<\/span><\/a>\n\t\t<\/div>\n\t\t\t\t\t\t\t<\/div>\n\t\t\t\t<\/div>\n\t\t\t<\/div>\n\t\t<\/div>\n\t\t\t\t\t\t<\/div>\n\t\t<div class=\"swiper-pagination swiper-pager-outside bullets-pagination-type\"><\/div>\n\t\t<\/div>\n\n\t\t\t\t\t\t\t<div class=\"swiper-button-prev\"><\/div>\n\t\t\t\t<div class=\"swiper-button-next\"><\/div>\n\t\t\t\n\t\t<\/div>\n\t\t\t\t\t\t<\/div>\n\t\t\t\t<\/div>\n\t\t\t\t\t<\/div>\n\t\t<\/div>\n\t\t\t\t\t<\/div>\n\t\t<\/section>\n\t\t\t\t<section class=\"elementor-section elementor-top-section elementor-element elementor-element-a339bbd elementor-section-boxed elementor-section-height-default elementor-section-height-default\" data-id=\"a339bbd\" data-element_type=\"section\" data-e-type=\"section\" data-settings=\"{&quot;jet_parallax_layout_list&quot;:[{&quot;jet_parallax_layout_image&quot;:{&quot;url&quot;:&quot;&quot;,&quot;id&quot;:&quot;&quot;,&quot;size&quot;:&quot;&quot;},&quot;_id&quot;:&quot;431fff4&quot;,&quot;jet_parallax_layout_speed&quot;:{&quot;unit&quot;:&quot;%&quot;,&quot;size&quot;:50,&quot;sizes&quot;:[]},&quot;jet_parallax_layout_image_tablet&quot;:{&quot;url&quot;:&quot;&quot;,&quot;id&quot;:&quot;&quot;,&quot;size&quot;:&quot;&quot;},&quot;jet_parallax_layout_image_mobile&quot;:{&quot;url&quot;:&quot;&quot;,&quot;id&quot;:&quot;&quot;,&quot;size&quot;:&quot;&quot;},&quot;jet_parallax_layout_type&quot;:&quot;scroll&quot;,&quot;jet_parallax_layout_direction&quot;:&quot;1&quot;,&quot;jet_parallax_layout_fx_direction&quot;:null,&quot;jet_parallax_layout_z_index&quot;:&quot;&quot;,&quot;jet_parallax_layout_bg_x&quot;:50,&quot;jet_parallax_layout_bg_x_tablet&quot;:&quot;&quot;,&quot;jet_parallax_layout_bg_x_mobile&quot;:&quot;&quot;,&quot;jet_parallax_layout_bg_y&quot;:50,&quot;jet_parallax_layout_bg_y_tablet&quot;:&quot;&quot;,&quot;jet_parallax_layout_bg_y_mobile&quot;:&quot;&quot;,&quot;jet_parallax_layout_bg_size&quot;:&quot;auto&quot;,&quot;jet_parallax_layout_bg_size_tablet&quot;:&quot;&quot;,&quot;jet_parallax_layout_bg_size_mobile&quot;:&quot;&quot;,&quot;jet_parallax_layout_animation_prop&quot;:&quot;transform&quot;,&quot;jet_parallax_layout_on&quot;:[&quot;desktop&quot;,&quot;tablet&quot;]}],&quot;background_background&quot;:&quot;classic&quot;}\">\n\t\t\t\t\t\t<div class=\"elementor-container elementor-column-gap-no\">\n\t\t\t\t\t<div class=\"elementor-column elementor-col-50 elementor-top-column elementor-element elementor-element-2b286bc\" data-id=\"2b286bc\" data-element_type=\"column\" data-e-type=\"column\">\n\t\t\t<div class=\"elementor-widget-wrap elementor-element-populated\">\n\t\t\t\t\t\t<div class=\"elementor-element elementor-element-eab8398 elementor-widget elementor-widget-image\" data-id=\"eab8398\" data-element_type=\"widget\" data-e-type=\"widget\" data-widget_type=\"image.default\">\n\t\t\t\t<div class=\"elementor-widget-container\">\n\t\t\t\t\t\t\t\t\t\t\t\t\t\t\t\t<a href=\"https:\/\/vive-fuerteventura.com\/es\/home\/\">\n\t\t\t\t\t\t\t<img decoding=\"async\" src=\"https:\/\/vive-fuerteventura.com\/wp-content\/uploads\/2025\/04\/VIVE_Pictures_2025-04-03\/pascal-scholl-WlxHpuwbLns-unsplashfuerteventura general_result.webp\" title=\"pascal-scholl-WlxHpuwbLns-unsplashfuerteventura general_result\" alt=\"pascal-scholl-WlxHpuwbLns-unsplashfuerteventura general_result\" loading=\"lazy\" \/>\t\t\t\t\t\t\t\t<\/a>\n\t\t\t\t\t\t\t\t\t\t\t\t\t\t\t<\/div>\n\t\t\t\t<\/div>\n\t\t\t\t<div class=\"elementor-element elementor-element-a788892 elementor-widget-mobile__width-initial elementor-widget elementor-widget-image\" data-id=\"a788892\" data-element_type=\"widget\" data-e-type=\"widget\" data-widget_type=\"image.default\">\n\t\t\t\t<div class=\"elementor-widget-container\">\n\t\t\t\t\t\t\t\t\t\t\t\t\t\t\t\t<a href=\"https:\/\/vive-fuerteventura.com\/es\/home\/\">\n\t\t\t\t\t\t\t<img loading=\"lazy\" decoding=\"async\" width=\"1024\" height=\"589\" src=\"https:\/\/vive-fuerteventura.com\/wp-content\/uploads\/2018\/09\/VIVE-Fuerteventura-white-Logo-e1727689829431-1024x589.png\" class=\"attachment-large size-large wp-image-321\" alt=\"\" srcset=\"https:\/\/vive-fuerteventura.com\/wp-content\/uploads\/2018\/09\/VIVE-Fuerteventura-white-Logo-e1727689829431-1024x589.png 1024w, https:\/\/vive-fuerteventura.com\/wp-content\/uploads\/2018\/09\/VIVE-Fuerteventura-white-Logo-e1727689829431-300x173.png 300w, https:\/\/vive-fuerteventura.com\/wp-content\/uploads\/2018\/09\/VIVE-Fuerteventura-white-Logo-e1727689829431-768x442.png 768w, https:\/\/vive-fuerteventura.com\/wp-content\/uploads\/2018\/09\/VIVE-Fuerteventura-white-Logo-e1727689829431.png 1395w\" sizes=\"(max-width: 1024px) 100vw, 1024px\" \/>\t\t\t\t\t\t\t\t<\/a>\n\t\t\t\t\t\t\t\t\t\t\t\t\t\t\t<\/div>\n\t\t\t\t<\/div>\n\t\t\t\t<div class=\"elementor-element elementor-element-6f4b463 elementor-align-justify elementor-mobile-align-right elementor-widget elementor-widget-button\" data-id=\"6f4b463\" data-element_type=\"widget\" data-e-type=\"widget\" data-widget_type=\"button.default\">\n\t\t\t\t<div class=\"elementor-widget-container\">\n\t\t\t\t\t\t\t\t\t<div class=\"elementor-button-wrapper\">\n\t\t\t\t\t<a class=\"elementor-button elementor-button-link elementor-size-sm elementor-animation-shrink\" href=\"https:\/\/vive-fuerteventura.com\/es\/home\/\">\n\t\t\t\t\t\t<span class=\"elementor-button-content-wrapper\">\n\t\t\t\t\t\t<span class=\"elementor-button-icon\">\n\t\t\t\t<svg aria-hidden=\"true\" class=\"e-font-icon-svg e-fas-angle-double-left\" viewbox=\"0 0 448 512\" xmlns=\"http:\/\/www.w3.org\/2000\/svg\"><path d=\"M223.7 239l136-136c9.4-9.4 24.6-9.4 33.9 0l22.6 22.6c9.4 9.4 9.4 24.6 0 33.9L319.9 256l96.4 96.4c9.4 9.4 9.4 24.6 0 33.9L393.7 409c-9.4 9.4-24.6 9.4-33.9 0l-136-136c-9.5-9.4-9.5-24.6-.1-34zm-192 34l136 136c9.4 9.4 24.6 9.4 33.9 0l22.6-22.6c9.4-9.4 9.4-24.6 0-33.9L127.9 256l96.4-96.4c9.4-9.4 9.4-24.6 0-33.9L201.7 103c-9.4-9.4-24.6-9.4-33.9 0l-136 136c-9.5 9.4-9.5 24.6-.1 34z\"><\/path><\/svg>\t\t\t<\/span>\n\t\t\t\t\t\t\t\t\t<span class=\"elementor-button-text\">volver a la p\u00e1gina de inicio<\/span>\n\t\t\t\t\t<\/span>\n\t\t\t\t\t<\/a>\n\t\t\t\t<\/div>\n\t\t\t\t\t\t\t\t<\/div>\n\t\t\t\t<\/div>\n\t\t\t\t\t<\/div>\n\t\t<\/div>\n\t\t\t\t<div class=\"elementor-column elementor-col-50 elementor-top-column elementor-element elementor-element-3c0f23e\" data-id=\"3c0f23e\" data-element_type=\"column\" data-e-type=\"column\">\n\t\t\t<div class=\"elementor-widget-wrap elementor-element-populated\">\n\t\t\t\t\t\t\t<\/div>\n\t\t<\/div>\n\t\t\t\t\t<\/div>\n\t\t<\/section>\n\t\t\t\t<\/div>\n\t\t<button class=\"simplefavorite-button\" data-postid=\"84\" data-siteid=\"1\" data-groupid=\"1\" data-favoritecount=\"0\" style=\"\">\u2661<\/button>","protected":false},"excerpt":{"rendered":"<p>Fuerteventura, la segunda isla m\u00e1s grande de las Canarias, est\u00e1 situada a unos 100 kil\u00f3metros al oeste de la costa marroqu\u00ed. La isla es conocida por sus interminables playas, su paisaje volc\u00e1nico y su clima suave y soleado.<\/p>","protected":false},"author":1,"featured_media":1129,"comment_status":"closed","ping_status":"closed","sticky":false,"template":"elementor_header_footer","format":"standard","meta":{"_acf_changed":false,"footnotes":""},"categories":[16],"tags":[],"class_list":["post-1232","post","type-post","status-publish","format-standard","has-post-thumbnail","hentry","category-wissenswertes"],"acf":[],"yoast_head":"<!-- This site is optimized with the Yoast SEO plugin v26.7 - https:\/\/yoast.com\/wordpress\/plugins\/seo\/ -->\n<title>Interior Design - Jupiter X Templates<\/title>\n<meta name=\"description\" content=\"An interior design website template by Jupiter X WP Theme that will showcase the intention and energy of a space using the LayerSlide plugin, Portfolio and many more features.\" \/>\n<meta name=\"robots\" content=\"index, follow, max-snippet:-1, max-image-preview:large, max-video-preview:-1\" \/>\n<link rel=\"canonical\" href=\"https:\/\/vive-fuerteventura.com\/es\/gemeinden-fuerteventuras\/\" \/>\n<meta property=\"og:locale\" content=\"es_ES\" \/>\n<meta property=\"og:type\" content=\"article\" \/>\n<meta property=\"og:title\" content=\"Interior Design - Jupiter X Templates\" \/>\n<meta property=\"og:description\" content=\"An interior design website template by Jupiter X WP Theme that will showcase the intention and energy of a space using the LayerSlide plugin, Portfolio and many more features.\" \/>\n<meta property=\"og:url\" content=\"https:\/\/vive-fuerteventura.com\/es\/gemeinden-fuerteventuras\/\" \/>\n<meta property=\"og:site_name\" content=\"VIVE Fuerteventura\" \/>\n<meta property=\"article:published_time\" content=\"2024-10-15T18:57:06+00:00\" \/>\n<meta property=\"article:modified_time\" content=\"2025-12-09T00:23:42+00:00\" \/>\n<meta property=\"og:image\" content=\"https:\/\/vive-fuerteventura.com\/wp-content\/uploads\/2024\/10\/VIVE-Fuerteventura-Blog-Gemeinden-Fuerteventuras.jpg\" \/>\n\t<meta property=\"og:image:width\" content=\"1100\" \/>\n\t<meta property=\"og:image:height\" content=\"800\" \/>\n\t<meta property=\"og:image:type\" content=\"image\/jpeg\" \/>\n<meta name=\"author\" content=\"kristin\" \/>\n<meta name=\"twitter:card\" content=\"summary_large_image\" \/>\n<meta name=\"twitter:label1\" content=\"Escrito por\" \/>\n\t<meta name=\"twitter:data1\" content=\"kristin\" \/>\n\t<meta name=\"twitter:label2\" content=\"Tiempo de lectura\" \/>\n\t<meta name=\"twitter:data2\" content=\"8 minutos\" \/>\n<script type=\"application\/ld+json\" class=\"yoast-schema-graph\">{\"@context\":\"https:\/\/schema.org\",\"@graph\":[{\"@type\":\"Article\",\"@id\":\"https:\/\/vive-fuerteventura.com\/en\/gemeinden-fuerteventuras\/#article\",\"isPartOf\":{\"@id\":\"https:\/\/vive-fuerteventura.com\/en\/gemeinden-fuerteventuras\/\"},\"author\":{\"name\":\"kristin\",\"@id\":\"https:\/\/vive-fuerteventura.com\/#\/schema\/person\/8672533b3b87484d96a32b42093208c6\"},\"headline\":\"Die Gemeinden Fuerteventuras\",\"datePublished\":\"2024-10-15T18:57:06+00:00\",\"dateModified\":\"2025-12-09T00:23:42+00:00\",\"mainEntityOfPage\":{\"@id\":\"https:\/\/vive-fuerteventura.com\/en\/gemeinden-fuerteventuras\/\"},\"wordCount\":687,\"image\":{\"@id\":\"https:\/\/vive-fuerteventura.com\/en\/gemeinden-fuerteventuras\/#primaryimage\"},\"thumbnailUrl\":\"https:\/\/vive-fuerteventura.com\/wp-content\/uploads\/2024\/10\/VIVE-Fuerteventura-Blog-Gemeinden-Fuerteventuras.jpg\",\"articleSection\":[\"Wissenswertes\"],\"inLanguage\":\"es\"},{\"@type\":\"WebPage\",\"@id\":\"https:\/\/vive-fuerteventura.com\/en\/gemeinden-fuerteventuras\/\",\"url\":\"https:\/\/vive-fuerteventura.com\/en\/gemeinden-fuerteventuras\/\",\"name\":\"Interior Design - Jupiter X Templates\",\"isPartOf\":{\"@id\":\"https:\/\/vive-fuerteventura.com\/#website\"},\"primaryImageOfPage\":{\"@id\":\"https:\/\/vive-fuerteventura.com\/en\/gemeinden-fuerteventuras\/#primaryimage\"},\"image\":{\"@id\":\"https:\/\/vive-fuerteventura.com\/en\/gemeinden-fuerteventuras\/#primaryimage\"},\"thumbnailUrl\":\"https:\/\/vive-fuerteventura.com\/wp-content\/uploads\/2024\/10\/VIVE-Fuerteventura-Blog-Gemeinden-Fuerteventuras.jpg\",\"datePublished\":\"2024-10-15T18:57:06+00:00\",\"dateModified\":\"2025-12-09T00:23:42+00:00\",\"author\":{\"@id\":\"https:\/\/vive-fuerteventura.com\/#\/schema\/person\/8672533b3b87484d96a32b42093208c6\"},\"description\":\"An interior design website template by Jupiter X WP Theme that will showcase the intention and energy of a space using the LayerSlide plugin, Portfolio and many more features.\",\"breadcrumb\":{\"@id\":\"https:\/\/vive-fuerteventura.com\/en\/gemeinden-fuerteventuras\/#breadcrumb\"},\"inLanguage\":\"es\",\"potentialAction\":[{\"@type\":\"ReadAction\",\"target\":[\"https:\/\/vive-fuerteventura.com\/en\/gemeinden-fuerteventuras\/\"]}]},{\"@type\":\"ImageObject\",\"inLanguage\":\"es\",\"@id\":\"https:\/\/vive-fuerteventura.com\/en\/gemeinden-fuerteventuras\/#primaryimage\",\"url\":\"https:\/\/vive-fuerteventura.com\/wp-content\/uploads\/2024\/10\/VIVE-Fuerteventura-Blog-Gemeinden-Fuerteventuras.jpg\",\"contentUrl\":\"https:\/\/vive-fuerteventura.com\/wp-content\/uploads\/2024\/10\/VIVE-Fuerteventura-Blog-Gemeinden-Fuerteventuras.jpg\",\"width\":1100,\"height\":800},{\"@type\":\"BreadcrumbList\",\"@id\":\"https:\/\/vive-fuerteventura.com\/en\/gemeinden-fuerteventuras\/#breadcrumb\",\"itemListElement\":[{\"@type\":\"ListItem\",\"position\":1,\"name\":\"Startseite\",\"item\":\"https:\/\/vive-fuerteventura.com\/\"},{\"@type\":\"ListItem\",\"position\":2,\"name\":\"Die Gemeinden Fuerteventuras\"}]},{\"@type\":\"WebSite\",\"@id\":\"https:\/\/vive-fuerteventura.com\/#website\",\"url\":\"https:\/\/vive-fuerteventura.com\/\",\"name\":\"VIVE Fuerteventura\",\"description\":\"Deine interaktive Plattform f\u00fcr einzigartige Inselerlebnisse!\",\"potentialAction\":[{\"@type\":\"SearchAction\",\"target\":{\"@type\":\"EntryPoint\",\"urlTemplate\":\"https:\/\/vive-fuerteventura.com\/?s={search_term_string}\"},\"query-input\":{\"@type\":\"PropertyValueSpecification\",\"valueRequired\":true,\"valueName\":\"search_term_string\"}}],\"inLanguage\":\"es\"},{\"@type\":\"Person\",\"@id\":\"https:\/\/vive-fuerteventura.com\/#\/schema\/person\/8672533b3b87484d96a32b42093208c6\",\"name\":\"kristin\",\"image\":{\"@type\":\"ImageObject\",\"inLanguage\":\"es\",\"@id\":\"https:\/\/vive-fuerteventura.com\/#\/schema\/person\/image\/\",\"url\":\"https:\/\/secure.gravatar.com\/avatar\/37a9ae65a5685272c704b99416218838511ac2c1c5672bcd234f558546c47a37?s=96&d=mm&r=g\",\"contentUrl\":\"https:\/\/secure.gravatar.com\/avatar\/37a9ae65a5685272c704b99416218838511ac2c1c5672bcd234f558546c47a37?s=96&d=mm&r=g\",\"caption\":\"kristin\"},\"sameAs\":[\"https:\/\/vive-fuerteventura.com\"],\"url\":\"https:\/\/vive-fuerteventura.com\/es\/author\/kristin\/\"}]}<\/script>\n<!-- \/ Yoast SEO plugin. -->","yoast_head_json":{"title":"Interior Design - Jupiter X Templates","description":"An interior design website template by Jupiter X WP Theme that will showcase the intention and energy of a space using the LayerSlide plugin, Portfolio and many more features.","robots":{"index":"index","follow":"follow","max-snippet":"max-snippet:-1","max-image-preview":"max-image-preview:large","max-video-preview":"max-video-preview:-1"},"canonical":"https:\/\/vive-fuerteventura.com\/es\/gemeinden-fuerteventuras\/","og_locale":"es_ES","og_type":"article","og_title":"Interior Design - Jupiter X Templates","og_description":"An interior design website template by Jupiter X WP Theme that will showcase the intention and energy of a space using the LayerSlide plugin, Portfolio and many more features.","og_url":"https:\/\/vive-fuerteventura.com\/es\/gemeinden-fuerteventuras\/","og_site_name":"VIVE Fuerteventura","article_published_time":"2024-10-15T18:57:06+00:00","article_modified_time":"2025-12-09T00:23:42+00:00","og_image":[{"width":1100,"height":800,"url":"https:\/\/vive-fuerteventura.com\/wp-content\/uploads\/2024\/10\/VIVE-Fuerteventura-Blog-Gemeinden-Fuerteventuras.jpg","type":"image\/jpeg"}],"author":"kristin","twitter_card":"summary_large_image","twitter_misc":{"Escrito por":"kristin","Tiempo de lectura":"8 minutos"},"schema":{"@context":"https:\/\/schema.org","@graph":[{"@type":"Article","@id":"https:\/\/vive-fuerteventura.com\/en\/gemeinden-fuerteventuras\/#article","isPartOf":{"@id":"https:\/\/vive-fuerteventura.com\/en\/gemeinden-fuerteventuras\/"},"author":{"name":"kristin","@id":"https:\/\/vive-fuerteventura.com\/#\/schema\/person\/8672533b3b87484d96a32b42093208c6"},"headline":"Die Gemeinden Fuerteventuras","datePublished":"2024-10-15T18:57:06+00:00","dateModified":"2025-12-09T00:23:42+00:00","mainEntityOfPage":{"@id":"https:\/\/vive-fuerteventura.com\/en\/gemeinden-fuerteventuras\/"},"wordCount":687,"image":{"@id":"https:\/\/vive-fuerteventura.com\/en\/gemeinden-fuerteventuras\/#primaryimage"},"thumbnailUrl":"https:\/\/vive-fuerteventura.com\/wp-content\/uploads\/2024\/10\/VIVE-Fuerteventura-Blog-Gemeinden-Fuerteventuras.jpg","articleSection":["Wissenswertes"],"inLanguage":"es"},{"@type":"WebPage","@id":"https:\/\/vive-fuerteventura.com\/en\/gemeinden-fuerteventuras\/","url":"https:\/\/vive-fuerteventura.com\/en\/gemeinden-fuerteventuras\/","name":"Interior Design - Jupiter X Templates","isPartOf":{"@id":"https:\/\/vive-fuerteventura.com\/#website"},"primaryImageOfPage":{"@id":"https:\/\/vive-fuerteventura.com\/en\/gemeinden-fuerteventuras\/#primaryimage"},"image":{"@id":"https:\/\/vive-fuerteventura.com\/en\/gemeinden-fuerteventuras\/#primaryimage"},"thumbnailUrl":"https:\/\/vive-fuerteventura.com\/wp-content\/uploads\/2024\/10\/VIVE-Fuerteventura-Blog-Gemeinden-Fuerteventuras.jpg","datePublished":"2024-10-15T18:57:06+00:00","dateModified":"2025-12-09T00:23:42+00:00","author":{"@id":"https:\/\/vive-fuerteventura.com\/#\/schema\/person\/8672533b3b87484d96a32b42093208c6"},"description":"An interior design website template by Jupiter X WP Theme that will showcase the intention and energy of a space using the LayerSlide plugin, Portfolio and many more features.","breadcrumb":{"@id":"https:\/\/vive-fuerteventura.com\/en\/gemeinden-fuerteventuras\/#breadcrumb"},"inLanguage":"es","potentialAction":[{"@type":"ReadAction","target":["https:\/\/vive-fuerteventura.com\/en\/gemeinden-fuerteventuras\/"]}]},{"@type":"ImageObject","inLanguage":"es","@id":"https:\/\/vive-fuerteventura.com\/en\/gemeinden-fuerteventuras\/#primaryimage","url":"https:\/\/vive-fuerteventura.com\/wp-content\/uploads\/2024\/10\/VIVE-Fuerteventura-Blog-Gemeinden-Fuerteventuras.jpg","contentUrl":"https:\/\/vive-fuerteventura.com\/wp-content\/uploads\/2024\/10\/VIVE-Fuerteventura-Blog-Gemeinden-Fuerteventuras.jpg","width":1100,"height":800},{"@type":"BreadcrumbList","@id":"https:\/\/vive-fuerteventura.com\/en\/gemeinden-fuerteventuras\/#breadcrumb","itemListElement":[{"@type":"ListItem","position":1,"name":"Startseite","item":"https:\/\/vive-fuerteventura.com\/"},{"@type":"ListItem","position":2,"name":"Die Gemeinden Fuerteventuras"}]},{"@type":"WebSite","@id":"https:\/\/vive-fuerteventura.com\/#website","url":"https:\/\/vive-fuerteventura.com\/","name":"VIVE Fuerteventura","description":"Su plataforma interactiva para vivir experiencias \u00fanicas en la isla","potentialAction":[{"@type":"SearchAction","target":{"@type":"EntryPoint","urlTemplate":"https:\/\/vive-fuerteventura.com\/?s={search_term_string}"},"query-input":{"@type":"PropertyValueSpecification","valueRequired":true,"valueName":"search_term_string"}}],"inLanguage":"es"},{"@type":"Person","@id":"https:\/\/vive-fuerteventura.com\/#\/schema\/person\/8672533b3b87484d96a32b42093208c6","name":"kristin","image":{"@type":"ImageObject","inLanguage":"es","@id":"https:\/\/vive-fuerteventura.com\/#\/schema\/person\/image\/","url":"https:\/\/secure.gravatar.com\/avatar\/37a9ae65a5685272c704b99416218838511ac2c1c5672bcd234f558546c47a37?s=96&d=mm&r=g","contentUrl":"https:\/\/secure.gravatar.com\/avatar\/37a9ae65a5685272c704b99416218838511ac2c1c5672bcd234f558546c47a37?s=96&d=mm&r=g","caption":"kristin"},"sameAs":["https:\/\/vive-fuerteventura.com"],"url":"https:\/\/vive-fuerteventura.com\/es\/author\/kristin\/"}]}},"_links":{"self":[{"href":"https:\/\/vive-fuerteventura.com\/es\/wp-json\/wp\/v2\/posts\/1232","targetHints":{"allow":["GET"]}}],"collection":[{"href":"https:\/\/vive-fuerteventura.com\/es\/wp-json\/wp\/v2\/posts"}],"about":[{"href":"https:\/\/vive-fuerteventura.com\/es\/wp-json\/wp\/v2\/types\/post"}],"author":[{"embeddable":true,"href":"https:\/\/vive-fuerteventura.com\/es\/wp-json\/wp\/v2\/users\/1"}],"replies":[{"embeddable":true,"href":"https:\/\/vive-fuerteventura.com\/es\/wp-json\/wp\/v2\/comments?post=1232"}],"version-history":[{"count":103,"href":"https:\/\/vive-fuerteventura.com\/es\/wp-json\/wp\/v2\/posts\/1232\/revisions"}],"predecessor-version":[{"id":41146,"href":"https:\/\/vive-fuerteventura.com\/es\/wp-json\/wp\/v2\/posts\/1232\/revisions\/41146"}],"wp:featuredmedia":[{"embeddable":true,"href":"https:\/\/vive-fuerteventura.com\/es\/wp-json\/wp\/v2\/media\/1129"}],"wp:attachment":[{"href":"https:\/\/vive-fuerteventura.com\/es\/wp-json\/wp\/v2\/media?parent=1232"}],"wp:term":[{"taxonomy":"category","embeddable":true,"href":"https:\/\/vive-fuerteventura.com\/es\/wp-json\/wp\/v2\/categories?post=1232"},{"taxonomy":"post_tag","embeddable":true,"href":"https:\/\/vive-fuerteventura.com\/es\/wp-json\/wp\/v2\/tags?post=1232"}],"curies":[{"name":"wp","href":"https:\/\/api.w.org\/{rel}","templated":true}]}}